{"id":3289,"date":"2025-02-03T11:43:37","date_gmt":"2025-02-03T11:43:37","guid":{"rendered":"https:\/\/drozdowisko.pl\/?p=3289"},"modified":"2025-04-27T22:13:17","modified_gmt":"2025-04-27T22:13:17","slug":"drozda-notuje-the-legend-of-lunetic-oraz-takze-asi-tak","status":"publish","type":"post","link":"https:\/\/drozdowisko.pl\/index.php\/2025\/02\/03\/drozda-notuje-the-legend-of-lunetic-oraz-takze-asi-tak\/","title":{"rendered":"DROZDA NOTUJE: &#8222;The Legend of Lunetic&#8221; oraz &#8222;Tak\u017ee asi tak&#8221;"},"content":{"rendered":"\n<p>\ud83d\udd38 W listopadzie 2023 roku zakocha\u0142am si\u0119 w teatrze. Konkretnym teatrze, kt\u00f3ry dzia\u0142a w Pradze i nazywa si\u0119 NoD. Oszo\u0142omi\u0142 mnie ich spektakl, kt\u00f3ry wtedy zobaczy\u0142am, czyli <strong>&#8222;The legend of Lunetic&#8221;<\/strong>.<br>\ud83d\udd38 M\u00f3wi\u0142am o tym w DROZDOWISKACH kilka razy (m.in. w odcinku 133 i 161), bo widzia\u0142am ten spektakl tak\u017ce podczas ob\u0142\u0119dnego, kolorowego festiwalu <strong><a href=\"https:\/\/www.colours.cz\/\">Colours of Ostrava<\/a><\/strong>. <br>\ud83d\udd38 I teraz bomba! <strong>2 marca 2025<\/strong> roku b\u0119dzie mo\u017cna zobaczy\u0107 to przedstawienie w czeskich i s\u0142owackich kinach. Dok\u0142adnie na tej samej zasadzie, na jakiej ogl\u0105damy w kinach transmisje z Metropolitan Opera. Jednorazowa akcja.<br>\ud83d\udd38 Firma <a href=\"https:\/\/www.aerofilms.cz\/\"><strong>Aerofilms<\/strong><\/a>, kt\u00f3ra transmisj\u0119 przygotowuje, zaprasza\u0142a wcze\u015bniej na podobne transmisje z Dejvick\u00e9ho Divadla czy z Divadla Na z\u00e1bradl\u00ed.<\/p>\n\n\n\n<figure class=\"wp-block-image size-large\"><img loading=\"lazy\" decoding=\"async\" width=\"1024\" height=\"683\" src=\"https:\/\/drozdowisko.pl\/wp-content\/uploads\/2025\/02\/NoD_LoL_vsichni-1024x683.jpg\" alt=\"\" class=\"wp-image-3287\" srcset=\"https:\/\/drozdowisko.pl\/wp-content\/uploads\/2025\/02\/NoD_LoL_vsichni-1024x683.jpg 1024w, https:\/\/drozdowisko.pl\/wp-content\/uploads\/2025\/02\/NoD_LoL_vsichni-300x200.jpg 300w, https:\/\/drozdowisko.pl\/wp-content\/uploads\/2025\/02\/NoD_LoL_vsichni-768x512.jpg 768w, https:\/\/drozdowisko.pl\/wp-content\/uploads\/2025\/02\/NoD_LoL_vsichni-1536x1024.jpg 1536w, https:\/\/drozdowisko.pl\/wp-content\/uploads\/2025\/02\/NoD_LoL_vsichni-2048x1365.jpg 2048w\" sizes=\"auto, (max-width: 1024px) 100vw, 1024px\" \/><\/figure>\n\n\n\n<p>\ud83d\udd38 Na <a href=\"https:\/\/www.facebook.com\/czeskikousek\"><strong>FB CZESKI KOUSEK<\/strong><\/a> o Divadle NoD i samym spektaklu w 2023 roku pisa\u0142am tak:<\/p>\n\n\n\n<p>\ud83c\udfad <strong>Divadlo NoD<\/strong> to teatr m\u0142odych tw\u00f3rc\u00f3w, teatr generacyjny robiony przez i chyba przede wszystkim dla ludzi urodzonych na prze\u0142omie lat osiemdziesi\u0105tych i dziewi\u0119\u0107dziesi\u0105tych XX wieku. Tworzy w\u0142asne spektakle, nie &#8222;wystawia sztuk&#8221; i cz\u0119sto zaprasza na regularne go\u015bcinne wyst\u0119py artyst\u00f3w nowego pokolenia teatru autorskiego oraz uznanych tw\u00f3rc\u00f3w czeskiej sceny eksperymentalnej.<br>\ud83c\udfad Teatr mie\u015bci si\u0119 w samym centrum Pragi, a do jego przestrzeni nale\u017cy te\u017c dzia\u0142aj\u0105ca zupe\u0142nie niezale\u017cnie kawiarnia &#8211; mam tu na my\u015bli to, \u017ce wchodz\u0105c do budynku, zupe\u0142nie nie mamy wra\u017cenia, \u017ce wchodzimy do teatru.<br>\ud83c\udfad Obejrza\u0142am spektakl <strong>&#8222;The legend of Lunetic&#8221;.<\/strong> Nie mia\u0142am poj\u0119cia, co mnie czeka!<br>\ud83c\udfad Spektakl dowcipnie i z przymru\u017ceniem oka opowiada o fenomenie, jakim by\u0142 w Czechach boysband Lunetic. Zagl\u0105daj\u0105c do Wikipedii mo\u017cna si\u0119 dowiedzie\u0107, \u017ce zesp\u00f3\u0142 wci\u0105\u017c istnieje, jako trio, nie kwartet, ale niew\u0105tpliwie najwi\u0119ksze sukcesy ma za sob\u0105 ju\u017c dawno. szczyt jego popularno\u015bci to druga po\u0142owa lat dziewi\u0119\u0107dziesi\u0105tych.<br>\ud83c\udfad Lunetic to nie by\u0142 tw\u00f3r sztuczny, jak wiele \u00f3wczesnych boysband\u00f3w. Za\u0142o\u017cy\u0142o go czterech koleg\u00f3w z Mostu (upraszczam nieco t\u0119 histori\u0119), zafascynowanych zespo\u0142ami takimi jak New Kids on the Block czy Backstreet Boys. Po kilku (g\u0142\u00f3wnie tanecznych) wyst\u0119pach na dyskotekach, zobaczy\u0142 ich producent z Universalu, zadzia\u0142a\u0142 po swojemu i zacz\u0119\u0142o si\u0119 szale\u0144stwo.<\/p>\n\n\n\n<figure class=\"wp-block-image size-large\"><img loading=\"lazy\" decoding=\"async\" width=\"1024\" height=\"683\" src=\"https:\/\/drozdowisko.pl\/wp-content\/uploads\/2025\/02\/nod285A7193-1024x683.jpg\" alt=\"\" class=\"wp-image-3291\" srcset=\"https:\/\/drozdowisko.pl\/wp-content\/uploads\/2025\/02\/nod285A7193-1024x683.jpg 1024w, https:\/\/drozdowisko.pl\/wp-content\/uploads\/2025\/02\/nod285A7193-300x200.jpg 300w, https:\/\/drozdowisko.pl\/wp-content\/uploads\/2025\/02\/nod285A7193-768x512.jpg 768w, https:\/\/drozdowisko.pl\/wp-content\/uploads\/2025\/02\/nod285A7193-1536x1024.jpg 1536w\" sizes=\"auto, (max-width: 1024px) 100vw, 1024px\" \/><\/figure>\n\n\n\n<p>\ud83c\udfad Spektakl jest fenomenalny. I troch\u0119 nie mam poj\u0119cia, jak o nim opowiada\u0107. Kiedy oszo\u0142omiona wysz\u0142am ju\u017c z teatru pomy\u015bla\u0142am, \u017ce gdyby na przyk\u0142ad odcinki Podkastexu (podcastu o latach dziewi\u0119\u0107dziesi\u0105tych i zerowych Bartka Przybyszewskiego i Mateusza Witkowskiego) by\u0142y spektaklami teatralnymi &#8211; to w\u0142asnie tak by wygl\u0105da\u0142y. Je\u015bli znacie Podkastex &#8211; rozumiecie, co mam na my\u015bli.<br>\ud83c\udfad Tw\u00f3rcy spektaklu detalicznie i z ca\u0142\u0105 mas\u0105 kontekst\u00f3w, niemal dokumentalnie, opowiadaj\u0105 histori\u0119 powstania zespo\u0142u Lunetic &#8211; cytuj\u0105 wywiady, wskazuj\u0105 na daty, przywo\u0142uj\u0105 programy telewizyjne &#8211; jednocze\u015bnie zastanawiaj\u0105c si\u0119, jakim cudem ca\u0142y kraj m\u00f3g\u0142 oszale\u0107 na jego punkcie. I maj\u0105 na to swoj\u0105, abstrakcyjn\u0105 teori\u0119. My\u015bl\u0119, \u017ce mog\u0119 Wam j\u0105 zdradzi\u0107, bo nawet je\u015bli uda si\u0119 Wam zobaczy\u0107 ten spektakl, ta wiedza rado\u015bci z ogl\u0105dania Wam nie odbierze. Ot\u00f3\u017c &#8211; 27 lutego 1995 roku na Czechy i Mo\u0142dawi\u0119 spad\u0142 meteoryt i tego samego dnia powsta\u0142y zespo\u0142y Lunetic i O-Zone. Od\u0142amki tego meteorytu dosta\u0142y si\u0119 do fabryki produkuj\u0105cej kartonikowe, s\u0142odkie mleko Krav\u00edk, kt\u00f3re pili i dzieci i doro\u015bli &#8211; i dlatego ca\u0142a republika oczadzia\u0142a na punkcie Lunetic\u00f3w, bo straci\u0142a krytyczny punkt widzenia. Kiedy fabryka zosta\u0142a przeniesiona, ludzie przejrzeli na oczy, a Lunetic si\u0119 rozpad\u0142.<br>\ud83c\udfad Tyle w skr\u00f3cie. Ale jeszcze raz podkre\u015blam, \u017ce spektakl jest oparty na \u017ar\u00f3d\u0142ach i \u017ce s\u0105 one przytaczane, a nawet pokazywane. Na stronie internetowej przedstawienia s\u0105 do nich odno\u015bniki: <a href=\"https:\/\/nod.roxy.cz\/theater\/productions-detail\/699\/the-legend-of-lunetic-janek-natalka-kol\"><strong>https:\/\/nod.roxy.cz\/theater\/productions-detail\/699\/the-legend-of-lunetic-janek-natalka-kol<\/strong><\/a><br>\ud83c\udfad S\u0105 te\u017c oczywi\u015bcie przywo\u0142ywane piosenki zespo\u0142u, klimat dyskoteki, pierwszych teledysk\u00f3w &#8211; wszystko tu jest. Czterch aktor\u00f3w i czw\u00f3rka tancerzy. Energia, zabawa, wiedza. Sztos, po prostu!<br>\ud83c\udfad Autork\u0105 scenariusza jest <strong>Nat\u00e1lie Preslov\u00e1<\/strong>, za\u015b re\u017cyserem i jednym z aktor\u00f3w <strong>Janek Les\u00e1k<\/strong> (niesamowicie przypomina\u0142 mi m\u0142odego Tomasza Kota). \ud83c\udfad Zakocha\u0142am si\u0119 w ich teatrze i jestem niesamowicie ciekawa innych spektakli. No i dowiedzia\u0142am si\u0119 mn\u00f3stwo &#8211; na przyk\u0142ad tego, \u017ce w czeskiej telewizji na pocz\u0105tku lat dziewi\u0119\u0107dziesi\u0105tych program z teledyskami prowadzi\u0142a animowana meduza. Tak!<\/p>\n\n\n\n<figure class=\"wp-block-image size-large\"><img loading=\"lazy\" decoding=\"async\" width=\"1024\" height=\"768\" src=\"https:\/\/drozdowisko.pl\/wp-content\/uploads\/2025\/02\/drozda_asitak-1024x768.jpg\" alt=\"\" class=\"wp-image-3286\" srcset=\"https:\/\/drozdowisko.pl\/wp-content\/uploads\/2025\/02\/drozda_asitak-1024x768.jpg 1024w, https:\/\/drozdowisko.pl\/wp-content\/uploads\/2025\/02\/drozda_asitak-300x225.jpg 300w, https:\/\/drozdowisko.pl\/wp-content\/uploads\/2025\/02\/drozda_asitak-768x576.jpg 768w, https:\/\/drozdowisko.pl\/wp-content\/uploads\/2025\/02\/drozda_asitak-526x395.jpg 526w, https:\/\/drozdowisko.pl\/wp-content\/uploads\/2025\/02\/drozda_asitak.jpg 1130w\" sizes=\"auto, (max-width: 1024px) 100vw, 1024px\" \/><\/figure>\n\n\n\n<p>\ud83d\udd38 Duet tw\u00f3rczy Janek&amp;Natalka jest dzi\u015b jednym z najgor\u0119tszych czeskich teatralnych team\u00f3w. We wrze\u015bniu 2024 roku w praskim <strong>N\u00e1rodn\u00edm divadle<\/strong> odby\u0142a si\u0119 przygotowana przeze\u0144 premiera spektaklu zatytu\u0142owanego <strong>&#8222;Tak\u017ee asi tak&#8221;<\/strong>.<br>\ud83d\udd38 To r\u00f3wnie\u017c jest spektakl dokumentalny, opowiadaj\u0105cy o schematycznym widzeniu wychowank\u00f3w dom\u00f3w dziecka. Graj\u0105 w nim niezawodowi aktorzy, z kt\u00f3rych cz\u0119\u015b\u0107 do\u015bwiadczenie \u017cycia w domu dziecka ma za sob\u0105. Wielog\u0142osowy, dokumentalny, emocjonalny i osobisty monolog. Spektakl jest elementem programu <strong>ND Young<\/strong>. Bardzo serio spektakl zrobiony przez m\u0142odych dla m\u0142odych.<br>\ud83d\udd38 Po ka\u017cdym przedstawieniu, kt\u00f3re trwa oko\u0142o 60 minut, odbywa si\u0119 te\u017c spotkanie. Zaskoczy\u0142o mnie pozytywnie, \u017ce prawie calutka publiczno\u015b\u0107 na spotkaniu zosta\u0142a i aktywnie w nim uczestniczy\u0142a.<br>\ud83d\udd38 Wa\u017cne wydaje mi si\u0119 te\u017c to, \u017ce jest to przedstawienie &#8222;zero waste&#8221;. Wszystkie kostiumy i elementy scenografii (na przyk\u0142ad wielki, \u015bwiec\u0105cy napis LISTEN) pochodz\u0105 z teatralnych magazyn\u00f3w.<br>\ud83d\udd38 Program ND Young istnieje w N\u00e1rodn\u00edm divadle od lat, ale dot\u0105d sk\u0142ada\u0142y si\u0119 na\u0144 warsztaty, spotkania, kursy i przygotowywane w ich ramach jednorazowe pokazy. Spektakl &#8222;Tak\u017ee asi tak&#8221; jest pierwszym repertuarowym przedstawieniem przygotowanym w ramach programu, Swoistym eksperymentem. Bardzo udanym, moim zdaniem.<\/p>\n\n\n\n<p>\ud83d\udd38 Je\u015bli macie w sobie gotowo\u015b\u0107 na co\u015b nieszablonowego, w obcym j\u0119zyku &#8211; polujcie na produkcje duetu Janka i Natalki! Tak jak ja!<\/p>\n\n\n\n<hr class=\"wp-block-separator has-alpha-channel-opacity\"\/>\n\n\n\n<p>Je\u015bli podoba Ci si\u0119, to co robi\u0119, zajrzyj, poczytaj, pos\u0142uchaj, wesprzyj.<br>\u0141atwiej b\u0119dzie mi tworzy\u0107 dalej, a Ty dostaniesz co\u015b EXSTRA!<\/p>\n\n\n\n<p><a href=\"https:\/\/patronite.pl\/TeresaDrozda\">https:\/\/patronite.pl\/TeresaDrozda<\/a><br><a href=\"https:\/\/suppi.pl\/drozdowisko\">https:\/\/suppi.pl\/drozdowisko<\/a><br><a href=\"https:\/\/buycoffee.to\/drozdowisko\/\">https:\/\/buycoffee.to\/drozdowisko\/<\/a><\/p>\n","protected":false},"excerpt":{"rendered":"<p>\ud83d\udd38 W listopadzie 2023 roku zakocha\u0142am si\u0119 w teatrze. Konkretnym teatrze, kt\u00f3ry dzia\u0142a w Pradze i nazywa si\u0119 NoD. Oszo\u0142omi\u0142 mnie ich spektakl, kt\u00f3ry wtedy zobaczy\u0142am, czyli &#8222;The legend of Lunetic&#8221;.\ud83d\udd38 M\u00f3wi\u0142am o tym w DROZDOWISKACH kilka razy (m.in. w odcinku 133 i 161), bo widzia\u0142am ten spektakl tak\u017ce podczas ob\u0142\u0119dnego, kolorowego festiwalu Colours of [&hellip;]<\/p>\n","protected":false},"author":2,"featured_media":3288,"comment_status":"open","ping_status":"open","sticky":false,"template":"","format":"standard","meta":{"footnotes":""},"categories":[128,127,126],"tags":[107,108,181,112,182,183,58,110,100,103,117],"class_list":["post-3289","post","type-post","status-publish","format-standard","has-post-thumbnail","hentry","category-chodzimy-do-teatru","category-czeski-kousek","category-drozda-notuje","tag-czechy","tag-czeskikousek","tag-divadlonod","tag-drozdowisko","tag-lunetic","tag-narodnidivadlo","tag-podcast","tag-praga","tag-recenzja","tag-teatr","tag-teresadrozda"],"yoast_head":"<!-- This site is optimized with the Yoast SEO plugin v23.2 - https:\/\/yoast.com\/wordpress\/plugins\/seo\/ -->\n<title>DROZDA NOTUJE: &quot;The Legend of Lunetic&quot; oraz &quot;Tak\u017ee asi tak&quot; - DROZDOWISKO<\/title>\n<meta name=\"robots\" content=\"index, follow, max-snippet:-1, max-image-preview:large, max-video-preview:-1\" \/>\n<link rel=\"canonical\" href=\"https:\/\/drozdowisko.pl\/index.php\/2025\/02\/03\/drozda-notuje-the-legend-of-lunetic-oraz-takze-asi-tak\/\" \/>\n<meta property=\"og:locale\" content=\"pl_PL\" \/>\n<meta property=\"og:type\" content=\"article\" \/>\n<meta property=\"og:title\" content=\"DROZDA NOTUJE: &quot;The Legend of Lunetic&quot; oraz &quot;Tak\u017ee asi tak&quot; - DROZDOWISKO\" \/>\n<meta property=\"og:description\" content=\"\ud83d\udd38 W listopadzie 2023 roku zakocha\u0142am si\u0119 w teatrze. Konkretnym teatrze, kt\u00f3ry dzia\u0142a w Pradze i nazywa si\u0119 NoD. Oszo\u0142omi\u0142 mnie ich spektakl, kt\u00f3ry wtedy zobaczy\u0142am, czyli &#8222;The legend of Lunetic&#8221;.\ud83d\udd38 M\u00f3wi\u0142am o tym w DROZDOWISKACH kilka razy (m.in. w odcinku 133 i 161), bo widzia\u0142am ten spektakl tak\u017ce podczas ob\u0142\u0119dnego, kolorowego festiwalu Colours of [&hellip;]\" \/>\n<meta property=\"og:url\" content=\"https:\/\/drozdowisko.pl\/index.php\/2025\/02\/03\/drozda-notuje-the-legend-of-lunetic-oraz-takze-asi-tak\/\" \/>\n<meta property=\"og:site_name\" content=\"DROZDOWISKO\" \/>\n<meta property=\"article:published_time\" content=\"2025-02-03T11:43:37+00:00\" \/>\n<meta property=\"article:modified_time\" content=\"2025-04-27T22:13:17+00:00\" \/>\n<meta property=\"og:image\" content=\"https:\/\/drozdowisko.pl\/wp-content\/uploads\/2025\/02\/Nod_lunatic.jpg\" \/>\n\t<meta property=\"og:image:width\" content=\"1600\" \/>\n\t<meta property=\"og:image:height\" content=\"1067\" \/>\n\t<meta property=\"og:image:type\" content=\"image\/jpeg\" \/>\n<meta name=\"author\" content=\"Teresa Drozda\" \/>\n<meta name=\"twitter:card\" content=\"summary_large_image\" \/>\n<meta name=\"twitter:label1\" content=\"Napisane przez\" \/>\n\t<meta name=\"twitter:data1\" content=\"Teresa Drozda\" \/>\n\t<meta name=\"twitter:label2\" content=\"Szacowany czas czytania\" \/>\n\t<meta name=\"twitter:data2\" content=\"6 minut\" \/>\n<script type=\"application\/ld+json\" class=\"yoast-schema-graph\">{\"@context\":\"https:\/\/schema.org\",\"@graph\":[{\"@type\":\"Article\",\"@id\":\"https:\/\/drozdowisko.pl\/index.php\/2025\/02\/03\/drozda-notuje-the-legend-of-lunetic-oraz-takze-asi-tak\/#article\",\"isPartOf\":{\"@id\":\"https:\/\/drozdowisko.pl\/index.php\/2025\/02\/03\/drozda-notuje-the-legend-of-lunetic-oraz-takze-asi-tak\/\"},\"author\":{\"name\":\"Teresa Drozda\",\"@id\":\"https:\/\/drozdowisko.pl\/#\/schema\/person\/8950061fba3066540fe403f5a28ca367\"},\"headline\":\"DROZDA NOTUJE: &#8222;The Legend of Lunetic&#8221; oraz &#8222;Tak\u017ee asi tak&#8221;\",\"datePublished\":\"2025-02-03T11:43:37+00:00\",\"dateModified\":\"2025-04-27T22:13:17+00:00\",\"mainEntityOfPage\":{\"@id\":\"https:\/\/drozdowisko.pl\/index.php\/2025\/02\/03\/drozda-notuje-the-legend-of-lunetic-oraz-takze-asi-tak\/\"},\"wordCount\":1022,\"commentCount\":0,\"publisher\":{\"@id\":\"https:\/\/drozdowisko.pl\/#\/schema\/person\/8950061fba3066540fe403f5a28ca367\"},\"image\":{\"@id\":\"https:\/\/drozdowisko.pl\/index.php\/2025\/02\/03\/drozda-notuje-the-legend-of-lunetic-oraz-takze-asi-tak\/#primaryimage\"},\"thumbnailUrl\":\"https:\/\/drozdowisko.pl\/wp-content\/uploads\/2025\/02\/Nod_lunatic.jpg\",\"keywords\":[\"czechy\",\"czeskikousek\",\"divadlonod\",\"drozdowisko\",\"Lunetic\",\"narodnidivadlo\",\"podcast\",\"praga\",\"recenzja\",\"teatr\",\"teresadrozda\"],\"articleSection\":[\"Chodzimy do teatru\",\"Czeski kousek\",\"Drozda notuje\"],\"inLanguage\":\"pl-PL\",\"potentialAction\":[{\"@type\":\"CommentAction\",\"name\":\"Comment\",\"target\":[\"https:\/\/drozdowisko.pl\/index.php\/2025\/02\/03\/drozda-notuje-the-legend-of-lunetic-oraz-takze-asi-tak\/#respond\"]}]},{\"@type\":\"WebPage\",\"@id\":\"https:\/\/drozdowisko.pl\/index.php\/2025\/02\/03\/drozda-notuje-the-legend-of-lunetic-oraz-takze-asi-tak\/\",\"url\":\"https:\/\/drozdowisko.pl\/index.php\/2025\/02\/03\/drozda-notuje-the-legend-of-lunetic-oraz-takze-asi-tak\/\",\"name\":\"DROZDA NOTUJE: \\\"The Legend of Lunetic\\\" oraz \\\"Tak\u017ee asi tak\\\" - DROZDOWISKO\",\"isPartOf\":{\"@id\":\"https:\/\/drozdowisko.pl\/#website\"},\"primaryImageOfPage\":{\"@id\":\"https:\/\/drozdowisko.pl\/index.php\/2025\/02\/03\/drozda-notuje-the-legend-of-lunetic-oraz-takze-asi-tak\/#primaryimage\"},\"image\":{\"@id\":\"https:\/\/drozdowisko.pl\/index.php\/2025\/02\/03\/drozda-notuje-the-legend-of-lunetic-oraz-takze-asi-tak\/#primaryimage\"},\"thumbnailUrl\":\"https:\/\/drozdowisko.pl\/wp-content\/uploads\/2025\/02\/Nod_lunatic.jpg\",\"datePublished\":\"2025-02-03T11:43:37+00:00\",\"dateModified\":\"2025-04-27T22:13:17+00:00\",\"breadcrumb\":{\"@id\":\"https:\/\/drozdowisko.pl\/index.php\/2025\/02\/03\/drozda-notuje-the-legend-of-lunetic-oraz-takze-asi-tak\/#breadcrumb\"},\"inLanguage\":\"pl-PL\",\"potentialAction\":[{\"@type\":\"ReadAction\",\"target\":[\"https:\/\/drozdowisko.pl\/index.php\/2025\/02\/03\/drozda-notuje-the-legend-of-lunetic-oraz-takze-asi-tak\/\"]}]},{\"@type\":\"ImageObject\",\"inLanguage\":\"pl-PL\",\"@id\":\"https:\/\/drozdowisko.pl\/index.php\/2025\/02\/03\/drozda-notuje-the-legend-of-lunetic-oraz-takze-asi-tak\/#primaryimage\",\"url\":\"https:\/\/drozdowisko.pl\/wp-content\/uploads\/2025\/02\/Nod_lunatic.jpg\",\"contentUrl\":\"https:\/\/drozdowisko.pl\/wp-content\/uploads\/2025\/02\/Nod_lunatic.jpg\",\"width\":1600,\"height\":1067},{\"@type\":\"BreadcrumbList\",\"@id\":\"https:\/\/drozdowisko.pl\/index.php\/2025\/02\/03\/drozda-notuje-the-legend-of-lunetic-oraz-takze-asi-tak\/#breadcrumb\",\"itemListElement\":[{\"@type\":\"ListItem\",\"position\":1,\"name\":\"Strona g\u0142\u00f3wna\",\"item\":\"https:\/\/drozdowisko.pl\/\"},{\"@type\":\"ListItem\",\"position\":2,\"name\":\"DROZDA NOTUJE: &#8222;The Legend of Lunetic&#8221; oraz &#8222;Tak\u017ee asi tak&#8221;\"}]},{\"@type\":\"WebSite\",\"@id\":\"https:\/\/drozdowisko.pl\/#website\",\"url\":\"https:\/\/drozdowisko.pl\/\",\"name\":\"DROZDOWISKO\",\"description\":\"Podcast Teresy Drozdy\",\"publisher\":{\"@id\":\"https:\/\/drozdowisko.pl\/#\/schema\/person\/8950061fba3066540fe403f5a28ca367\"},\"potentialAction\":[{\"@type\":\"SearchAction\",\"target\":{\"@type\":\"EntryPoint\",\"urlTemplate\":\"https:\/\/drozdowisko.pl\/?s={search_term_string}\"},\"query-input\":\"required name=search_term_string\"}],\"inLanguage\":\"pl-PL\"},{\"@type\":[\"Person\",\"Organization\"],\"@id\":\"https:\/\/drozdowisko.pl\/#\/schema\/person\/8950061fba3066540fe403f5a28ca367\",\"name\":\"Teresa Drozda\",\"image\":{\"@type\":\"ImageObject\",\"inLanguage\":\"pl-PL\",\"@id\":\"https:\/\/drozdowisko.pl\/#\/schema\/person\/image\/\",\"url\":\"https:\/\/drozdowisko.pl\/wp-content\/uploads\/2024\/02\/Drozdowisko_2021-02-23_w-kolku-czerwonym-2_600-ppi.png\",\"contentUrl\":\"https:\/\/drozdowisko.pl\/wp-content\/uploads\/2024\/02\/Drozdowisko_2021-02-23_w-kolku-czerwonym-2_600-ppi.png\",\"width\":4259,\"height\":4259,\"caption\":\"Teresa Drozda\"},\"logo\":{\"@id\":\"https:\/\/drozdowisko.pl\/#\/schema\/person\/image\/\"},\"url\":\"https:\/\/drozdowisko.pl\/index.php\/author\/teresa-drozda\/\"}]}<\/script>\n<!-- \/ Yoast SEO plugin. -->","yoast_head_json":{"title":"DROZDA NOTUJE: \"The Legend of Lunetic\" oraz \"Tak\u017ee asi tak\" - DROZDOWISKO","robots":{"index":"index","follow":"follow","max-snippet":"max-snippet:-1","max-image-preview":"max-image-preview:large","max-video-preview":"max-video-preview:-1"},"canonical":"https:\/\/drozdowisko.pl\/index.php\/2025\/02\/03\/drozda-notuje-the-legend-of-lunetic-oraz-takze-asi-tak\/","og_locale":"pl_PL","og_type":"article","og_title":"DROZDA NOTUJE: \"The Legend of Lunetic\" oraz \"Tak\u017ee asi tak\" - DROZDOWISKO","og_description":"\ud83d\udd38 W listopadzie 2023 roku zakocha\u0142am si\u0119 w teatrze. Konkretnym teatrze, kt\u00f3ry dzia\u0142a w Pradze i nazywa si\u0119 NoD. Oszo\u0142omi\u0142 mnie ich spektakl, kt\u00f3ry wtedy zobaczy\u0142am, czyli &#8222;The legend of Lunetic&#8221;.\ud83d\udd38 M\u00f3wi\u0142am o tym w DROZDOWISKACH kilka razy (m.in. w odcinku 133 i 161), bo widzia\u0142am ten spektakl tak\u017ce podczas ob\u0142\u0119dnego, kolorowego festiwalu Colours of [&hellip;]","og_url":"https:\/\/drozdowisko.pl\/index.php\/2025\/02\/03\/drozda-notuje-the-legend-of-lunetic-oraz-takze-asi-tak\/","og_site_name":"DROZDOWISKO","article_published_time":"2025-02-03T11:43:37+00:00","article_modified_time":"2025-04-27T22:13:17+00:00","og_image":[{"width":1600,"height":1067,"url":"https:\/\/drozdowisko.pl\/wp-content\/uploads\/2025\/02\/Nod_lunatic.jpg","type":"image\/jpeg"}],"author":"Teresa Drozda","twitter_card":"summary_large_image","twitter_misc":{"Napisane przez":"Teresa Drozda","Szacowany czas czytania":"6 minut"},"schema":{"@context":"https:\/\/schema.org","@graph":[{"@type":"Article","@id":"https:\/\/drozdowisko.pl\/index.php\/2025\/02\/03\/drozda-notuje-the-legend-of-lunetic-oraz-takze-asi-tak\/#article","isPartOf":{"@id":"https:\/\/drozdowisko.pl\/index.php\/2025\/02\/03\/drozda-notuje-the-legend-of-lunetic-oraz-takze-asi-tak\/"},"author":{"name":"Teresa Drozda","@id":"https:\/\/drozdowisko.pl\/#\/schema\/person\/8950061fba3066540fe403f5a28ca367"},"headline":"DROZDA NOTUJE: &#8222;The Legend of Lunetic&#8221; oraz &#8222;Tak\u017ee asi tak&#8221;","datePublished":"2025-02-03T11:43:37+00:00","dateModified":"2025-04-27T22:13:17+00:00","mainEntityOfPage":{"@id":"https:\/\/drozdowisko.pl\/index.php\/2025\/02\/03\/drozda-notuje-the-legend-of-lunetic-oraz-takze-asi-tak\/"},"wordCount":1022,"commentCount":0,"publisher":{"@id":"https:\/\/drozdowisko.pl\/#\/schema\/person\/8950061fba3066540fe403f5a28ca367"},"image":{"@id":"https:\/\/drozdowisko.pl\/index.php\/2025\/02\/03\/drozda-notuje-the-legend-of-lunetic-oraz-takze-asi-tak\/#primaryimage"},"thumbnailUrl":"https:\/\/drozdowisko.pl\/wp-content\/uploads\/2025\/02\/Nod_lunatic.jpg","keywords":["czechy","czeskikousek","divadlonod","drozdowisko","Lunetic","narodnidivadlo","podcast","praga","recenzja","teatr","teresadrozda"],"articleSection":["Chodzimy do teatru","Czeski kousek","Drozda notuje"],"inLanguage":"pl-PL","potentialAction":[{"@type":"CommentAction","name":"Comment","target":["https:\/\/drozdowisko.pl\/index.php\/2025\/02\/03\/drozda-notuje-the-legend-of-lunetic-oraz-takze-asi-tak\/#respond"]}]},{"@type":"WebPage","@id":"https:\/\/drozdowisko.pl\/index.php\/2025\/02\/03\/drozda-notuje-the-legend-of-lunetic-oraz-takze-asi-tak\/","url":"https:\/\/drozdowisko.pl\/index.php\/2025\/02\/03\/drozda-notuje-the-legend-of-lunetic-oraz-takze-asi-tak\/","name":"DROZDA NOTUJE: \"The Legend of Lunetic\" oraz \"Tak\u017ee asi tak\" - DROZDOWISKO","isPartOf":{"@id":"https:\/\/drozdowisko.pl\/#website"},"primaryImageOfPage":{"@id":"https:\/\/drozdowisko.pl\/index.php\/2025\/02\/03\/drozda-notuje-the-legend-of-lunetic-oraz-takze-asi-tak\/#primaryimage"},"image":{"@id":"https:\/\/drozdowisko.pl\/index.php\/2025\/02\/03\/drozda-notuje-the-legend-of-lunetic-oraz-takze-asi-tak\/#primaryimage"},"thumbnailUrl":"https:\/\/drozdowisko.pl\/wp-content\/uploads\/2025\/02\/Nod_lunatic.jpg","datePublished":"2025-02-03T11:43:37+00:00","dateModified":"2025-04-27T22:13:17+00:00","breadcrumb":{"@id":"https:\/\/drozdowisko.pl\/index.php\/2025\/02\/03\/drozda-notuje-the-legend-of-lunetic-oraz-takze-asi-tak\/#breadcrumb"},"inLanguage":"pl-PL","potentialAction":[{"@type":"ReadAction","target":["https:\/\/drozdowisko.pl\/index.php\/2025\/02\/03\/drozda-notuje-the-legend-of-lunetic-oraz-takze-asi-tak\/"]}]},{"@type":"ImageObject","inLanguage":"pl-PL","@id":"https:\/\/drozdowisko.pl\/index.php\/2025\/02\/03\/drozda-notuje-the-legend-of-lunetic-oraz-takze-asi-tak\/#primaryimage","url":"https:\/\/drozdowisko.pl\/wp-content\/uploads\/2025\/02\/Nod_lunatic.jpg","contentUrl":"https:\/\/drozdowisko.pl\/wp-content\/uploads\/2025\/02\/Nod_lunatic.jpg","width":1600,"height":1067},{"@type":"BreadcrumbList","@id":"https:\/\/drozdowisko.pl\/index.php\/2025\/02\/03\/drozda-notuje-the-legend-of-lunetic-oraz-takze-asi-tak\/#breadcrumb","itemListElement":[{"@type":"ListItem","position":1,"name":"Strona g\u0142\u00f3wna","item":"https:\/\/drozdowisko.pl\/"},{"@type":"ListItem","position":2,"name":"DROZDA NOTUJE: &#8222;The Legend of Lunetic&#8221; oraz &#8222;Tak\u017ee asi tak&#8221;"}]},{"@type":"WebSite","@id":"https:\/\/drozdowisko.pl\/#website","url":"https:\/\/drozdowisko.pl\/","name":"DROZDOWISKO","description":"Podcast Teresy Drozdy","publisher":{"@id":"https:\/\/drozdowisko.pl\/#\/schema\/person\/8950061fba3066540fe403f5a28ca367"},"potentialAction":[{"@type":"SearchAction","target":{"@type":"EntryPoint","urlTemplate":"https:\/\/drozdowisko.pl\/?s={search_term_string}"},"query-input":"required name=search_term_string"}],"inLanguage":"pl-PL"},{"@type":["Person","Organization"],"@id":"https:\/\/drozdowisko.pl\/#\/schema\/person\/8950061fba3066540fe403f5a28ca367","name":"Teresa Drozda","image":{"@type":"ImageObject","inLanguage":"pl-PL","@id":"https:\/\/drozdowisko.pl\/#\/schema\/person\/image\/","url":"https:\/\/drozdowisko.pl\/wp-content\/uploads\/2024\/02\/Drozdowisko_2021-02-23_w-kolku-czerwonym-2_600-ppi.png","contentUrl":"https:\/\/drozdowisko.pl\/wp-content\/uploads\/2024\/02\/Drozdowisko_2021-02-23_w-kolku-czerwonym-2_600-ppi.png","width":4259,"height":4259,"caption":"Teresa Drozda"},"logo":{"@id":"https:\/\/drozdowisko.pl\/#\/schema\/person\/image\/"},"url":"https:\/\/drozdowisko.pl\/index.php\/author\/teresa-drozda\/"}]}},"_links":{"self":[{"href":"https:\/\/drozdowisko.pl\/index.php\/wp-json\/wp\/v2\/posts\/3289","targetHints":{"allow":["GET"]}}],"collection":[{"href":"https:\/\/drozdowisko.pl\/index.php\/wp-json\/wp\/v2\/posts"}],"about":[{"href":"https:\/\/drozdowisko.pl\/index.php\/wp-json\/wp\/v2\/types\/post"}],"author":[{"embeddable":true,"href":"https:\/\/drozdowisko.pl\/index.php\/wp-json\/wp\/v2\/users\/2"}],"replies":[{"embeddable":true,"href":"https:\/\/drozdowisko.pl\/index.php\/wp-json\/wp\/v2\/comments?post=3289"}],"version-history":[{"count":3,"href":"https:\/\/drozdowisko.pl\/index.php\/wp-json\/wp\/v2\/posts\/3289\/revisions"}],"predecessor-version":[{"id":3349,"href":"https:\/\/drozdowisko.pl\/index.php\/wp-json\/wp\/v2\/posts\/3289\/revisions\/3349"}],"wp:featuredmedia":[{"embeddable":true,"href":"https:\/\/drozdowisko.pl\/index.php\/wp-json\/wp\/v2\/media\/3288"}],"wp:attachment":[{"href":"https:\/\/drozdowisko.pl\/index.php\/wp-json\/wp\/v2\/media?parent=3289"}],"wp:term":[{"taxonomy":"category","embeddable":true,"href":"https:\/\/drozdowisko.pl\/index.php\/wp-json\/wp\/v2\/categories?post=3289"},{"taxonomy":"post_tag","embeddable":true,"href":"https:\/\/drozdowisko.pl\/index.php\/wp-json\/wp\/v2\/tags?post=3289"}],"curies":[{"name":"wp","href":"https:\/\/api.w.org\/{rel}","templated":true}]}}