{"id":3378,"date":"2025-07-27T07:00:00","date_gmt":"2025-07-27T07:00:00","guid":{"rendered":"https:\/\/drozdowisko.pl\/index.php\/2025\/07\/27\/171-piotr-gorecki-pies-w-pradze-a-takze-david-cerny-i-krotka-historia-dwoch-praskich-dzielnic\/"},"modified":"2025-07-27T07:00:00","modified_gmt":"2025-07-27T07:00:00","slug":"171-piotr-gorecki-pies-w-pradze-a-takze-david-cerny-i-krotka-historia-dwoch-praskich-dzielnic","status":"publish","type":"post","link":"https:\/\/drozdowisko.pl\/index.php\/2025\/07\/27\/171-piotr-gorecki-pies-w-pradze-a-takze-david-cerny-i-krotka-historia-dwoch-praskich-dzielnic\/","title":{"rendered":"#171 &#8211; PIOTR G\u00d3RECKI: pies w Pradze, a tak\u017ce David \u010cern\u00fd i kr\u00f3tka historia dw\u00f3ch praskich dzielnic"},"content":{"rendered":"<p><iframe loading=\"lazy\" src=\"https:\/\/podcasters.spotify.com\/pod\/show\/teresa-drozda\/embed\/episodes\/171---PIOTR-GRECKI-pies-w-Pradze--a-take-David-ern-i-krtka-historia-dwch-praskich-dzielnic-e3630le\" height=\"180px\" width=\"100%\" frameborder=\"0\" scrolling=\"no\" style=\"width:100%;height:180px\"><\/iframe><\/p>\n<p>Napisz do mnie: <a href=\"mailto:drozdowisko@gmail.com\">drozdowisko@gmail.com<\/a><\/p>\n<p>Zosta\u0144 Patronem (z logowaniem): <a href=\"https:\/\/patronite.pl\/TeresaDrozda\">https:\/\/patronite.pl\/TeresaDrozda<\/a><\/p>\n<p>Postaw mi kaw\u0119 (bez logowania): <a href=\"https:\/\/buycoffee.to\/drozdowisko\/\">https:\/\/buycoffee.to\/drozdowisko\/<\/a><\/p>\n<p>Postaw mi kaw\u0119 (bez logowania): <a href=\"https:\/\/suppi.pl\/drozdowisko\" target=\"_blank\" rel=\"noopener noreferer\">https:\/\/suppi.pl\/drozdowisko<\/a><\/p>\n<p>Odwied\u017a mnie:\u00a0<\/p>\n<p><a href=\"https:\/\/www.facebook.com\/drozdowisko\">facebook.com\/drozdowisko<\/a>\u00a0<\/p>\n<p><a href=\"https:\/\/www.facebook.com\/czeskikousek\">facebook.com\/czeskikousek<\/a>\u00a0<\/p>\n<p><a href=\"https:\/\/www.facebook.com\/strefapiosenki\">facebook.com\/strefapiosenki<\/a>\u00a0<\/p>\n<p><a href=\"https:\/\/www.youtube.com\/c\/DROZDOWISKOTeresaDrozda\">YT\/DROZDOWISKO<\/a><\/p>\n<p><a href=\"https:\/\/www.instagram.com\/drozdowisko\/\">instagram.com\/drozdowisko<\/a><\/p>\n<p><a href=\"https:\/\/radiodanielka.pl\/drozdowisko\/\">radiodanielka.pl\/drozdowisko<\/a><\/p>\n<p><a href=\"https:\/\/drozdowisko.pl\/\">drozdowisko.pl<\/a><\/p>\n<\/p>\n<p><strong>G\u0142osowanie na Mistrza Mowy Polskiej<\/strong> (do 20 wrze\u015bnia 2025 codziennie):<\/p>\n<p><a href=\"https:\/\/www.mistrzmowy.pl\/2025\/07\/08\/glosowanie-vox-populi-2025\/\" target=\"_blank\" rel=\"noopener noreferer\">https:\/\/www.mistrzmowy.pl\/2025\/07\/08\/glosowanie-vox-populi-2025\/<\/a><\/p>\n<p>Mo\u017cna te\u017c wysy\u0142a\u0107 kartki pocztowe (jedna kartka to trzy internetowe g\u0142osy) na adres: <\/p>\n<p>Sekretariat Programu Mistrz Mowy Polskiej <\/p>\n<p>ul. Instalator\u00f3w 17\/2, 02-237 Warszawa<\/p>\n<\/p>\n<p>To Drozdowisko zarejestrowa\u0142am podczas spaceru \u2013 spaceru w towarzystwie <strong>Piotra G\u00f3reckiego<\/strong> i jego psa <strong>Bartka<\/strong>. Chodzimy po mniej znanych zak\u0105tkach Pragi: Malvazinkach, Radlicach i Waltrovce. <\/p>\n<p>Rozmowa toczy si\u0119 w rytmie krok\u00f3w i miejskiego \u017cycia, a tematy przeplataj\u0105 si\u0119 swobodnie: od codzienno\u015bci z du\u017cym psem w czeskiej stolicy, przez praktyczne porady dla podr\u00f3\u017cuj\u0105cych ze zwierz\u0119tami, a\u017c po lokaln\u0105 histori\u0119. Piotr przywo\u0142uje nalot z 1945 roku i opowiada o tym, jak wygl\u0105da opieka weterynaryjna w Czechach. Jest te\u017c miejsce na sztuk\u0119, a to za spraw\u0105 kilku instalacji <strong>Davida \u010cernego<\/strong>, kt\u00f3re znajduj\u0105 si\u0119 poza utartym szlakiem turystycznym. To odcinek praktyczny i ciep\u0142y \u2013 idealny dla wszystkich, kt\u00f3rzy kochaj\u0105 psy, Prag\u0119, histori\u0119 i sztuk\u0119 wsp\u00f3\u0142czesn\u0105. A Praga okazuje si\u0119 by\u0107 miastem przyjaznym \u2013 zar\u00f3wno dla ludzi, jak i dla ich czworono\u017cnych towarzyszy. <\/p>\n<\/p>\n<p>Zawarto\u015b\u0107 odcinka:<\/p>\n<p>(00:00) Intro: serial &#8222;Szabla&#8221;<\/p>\n<p>(01:50) Wst\u0119p<\/p>\n<p>(04:42) Idziemy na spacer<\/p>\n<p>(08:24) Zielone Malvazinky<\/p>\n<p>(13:06) Pies w praskiej komunikacji miejskiej<\/p>\n<p>(15:31) Sprz\u0105tanie po psie<\/p>\n<p>(16:50) Waltrovka, jej za\u0142o\u017cyciel Josef Walter i nalot z lutego 1945<\/p>\n<p>(19:48) Opieka weterynaryjna (jasne i ciemne strony)<\/p>\n<p>(24:24) Pies w czeskich poci\u0105gach dalekobie\u017cnych<\/p>\n<p>(29:17) David \u010cern\u00fd i jego Speederman<\/p>\n<p>(31:32) David \u010cern\u00fd i jego Pegas(y)<\/p>\n<p>(31:49) Oryginalny budynek dawnych zak\u0142ad\u00f3w Waltra<\/p>\n<p>(33:18) Reasumuj\u0105c&#8230; Praga jest przyjazna psom<\/p>\n<p>(36:33) Do us\u0142yszenia<\/p>\n","protected":false},"excerpt":{"rendered":"<p>Napisz do mnie: drozdowisko@gmail.com Zosta\u0144 Patronem (z logowaniem): https:\/\/patronite.pl\/TeresaDrozda Postaw mi kaw\u0119 (bez logowania): https:\/\/buycoffee.to\/drozdowisko\/ Postaw mi kaw\u0119 (bez logowania): https:\/\/suppi.pl\/drozdowisko Odwied\u017a mnie:\u00a0 facebook.com\/drozdowisko\u00a0 facebook.com\/czeskikousek\u00a0 facebook.com\/strefapiosenki\u00a0 YT\/DROZDOWISKO instagram.com\/drozdowisko radiodanielka.pl\/drozdowisko drozdowisko.pl G\u0142osowanie na Mistrza Mowy Polskiej (do 20 wrze\u015bnia 2025 codziennie): https:\/\/www.mistrzmowy.pl\/2025\/07\/08\/glosowanie-vox-populi-2025\/ Mo\u017cna te\u017c wysy\u0142a\u0107 kartki pocztowe (jedna kartka to trzy internetowe g\u0142osy) na adres: Sekretariat [&hellip;]<\/p>\n","protected":false},"author":1,"featured_media":3379,"comment_status":"open","ping_status":"open","sticky":false,"template":"","format":"standard","meta":{"footnotes":""},"categories":[1],"tags":[],"class_list":["post-3378","post","type-post","status-publish","format-standard","has-post-thumbnail","hentry","category-uncategorized"],"yoast_head":"<!-- This site is optimized with the Yoast SEO plugin v23.2 - https:\/\/yoast.com\/wordpress\/plugins\/seo\/ -->\n<title>#171 - PIOTR G\u00d3RECKI: pies w Pradze, a tak\u017ce David \u010cern\u00fd i kr\u00f3tka historia dw\u00f3ch praskich dzielnic - DROZDOWISKO<\/title>\n<meta name=\"robots\" content=\"index, follow, max-snippet:-1, max-image-preview:large, max-video-preview:-1\" \/>\n<link rel=\"canonical\" href=\"https:\/\/drozdowisko.pl\/index.php\/2025\/07\/27\/171-piotr-gorecki-pies-w-pradze-a-takze-david-cerny-i-krotka-historia-dwoch-praskich-dzielnic\/\" \/>\n<meta property=\"og:locale\" content=\"pl_PL\" \/>\n<meta property=\"og:type\" content=\"article\" \/>\n<meta property=\"og:title\" content=\"#171 - PIOTR G\u00d3RECKI: pies w Pradze, a tak\u017ce David \u010cern\u00fd i kr\u00f3tka historia dw\u00f3ch praskich dzielnic - DROZDOWISKO\" \/>\n<meta property=\"og:description\" content=\"Napisz do mnie: drozdowisko@gmail.com Zosta\u0144 Patronem (z logowaniem): https:\/\/patronite.pl\/TeresaDrozda Postaw mi kaw\u0119 (bez logowania): https:\/\/buycoffee.to\/drozdowisko\/ Postaw mi kaw\u0119 (bez logowania): https:\/\/suppi.pl\/drozdowisko Odwied\u017a mnie:\u00a0 facebook.com\/drozdowisko\u00a0 facebook.com\/czeskikousek\u00a0 facebook.com\/strefapiosenki\u00a0 YT\/DROZDOWISKO instagram.com\/drozdowisko radiodanielka.pl\/drozdowisko drozdowisko.pl G\u0142osowanie na Mistrza Mowy Polskiej (do 20 wrze\u015bnia 2025 codziennie): https:\/\/www.mistrzmowy.pl\/2025\/07\/08\/glosowanie-vox-populi-2025\/ Mo\u017cna te\u017c wysy\u0142a\u0107 kartki pocztowe (jedna kartka to trzy internetowe g\u0142osy) na adres: Sekretariat [&hellip;]\" \/>\n<meta property=\"og:url\" content=\"https:\/\/drozdowisko.pl\/index.php\/2025\/07\/27\/171-piotr-gorecki-pies-w-pradze-a-takze-david-cerny-i-krotka-historia-dwoch-praskich-dzielnic\/\" \/>\n<meta property=\"og:site_name\" content=\"DROZDOWISKO\" \/>\n<meta property=\"article:published_time\" content=\"2025-07-27T07:00:00+00:00\" \/>\n<meta name=\"author\" content=\"Admin\" \/>\n<meta name=\"twitter:card\" content=\"summary_large_image\" \/>\n<meta name=\"twitter:label1\" content=\"Napisane przez\" \/>\n\t<meta name=\"twitter:data1\" content=\"Admin\" \/>\n\t<meta name=\"twitter:label2\" content=\"Szacowany czas czytania\" \/>\n\t<meta name=\"twitter:data2\" content=\"2 minuty\" \/>\n<script type=\"application\/ld+json\" class=\"yoast-schema-graph\">{\"@context\":\"https:\/\/schema.org\",\"@graph\":[{\"@type\":\"Article\",\"@id\":\"https:\/\/drozdowisko.pl\/index.php\/2025\/07\/27\/171-piotr-gorecki-pies-w-pradze-a-takze-david-cerny-i-krotka-historia-dwoch-praskich-dzielnic\/#article\",\"isPartOf\":{\"@id\":\"https:\/\/drozdowisko.pl\/index.php\/2025\/07\/27\/171-piotr-gorecki-pies-w-pradze-a-takze-david-cerny-i-krotka-historia-dwoch-praskich-dzielnic\/\"},\"author\":{\"name\":\"Admin\",\"@id\":\"https:\/\/drozdowisko.pl\/#\/schema\/person\/071315c1231bb9fcf6550e2f0e0afb12\"},\"headline\":\"#171 &#8211; PIOTR G\u00d3RECKI: pies w Pradze, a tak\u017ce David \u010cern\u00fd i kr\u00f3tka historia dw\u00f3ch praskich dzielnic\",\"datePublished\":\"2025-07-27T07:00:00+00:00\",\"dateModified\":\"2025-07-27T07:00:00+00:00\",\"mainEntityOfPage\":{\"@id\":\"https:\/\/drozdowisko.pl\/index.php\/2025\/07\/27\/171-piotr-gorecki-pies-w-pradze-a-takze-david-cerny-i-krotka-historia-dwoch-praskich-dzielnic\/\"},\"wordCount\":327,\"commentCount\":0,\"publisher\":{\"@id\":\"https:\/\/drozdowisko.pl\/#\/schema\/person\/8950061fba3066540fe403f5a28ca367\"},\"image\":{\"@id\":\"https:\/\/drozdowisko.pl\/index.php\/2025\/07\/27\/171-piotr-gorecki-pies-w-pradze-a-takze-david-cerny-i-krotka-historia-dwoch-praskich-dzielnic\/#primaryimage\"},\"thumbnailUrl\":\"https:\/\/drozdowisko.pl\/wp-content\/uploads\/2025\/07\/12857719-1753594988041-fa48435442a6d-scaled.jpg\",\"articleSection\":[\"Uncategorized\"],\"inLanguage\":\"pl-PL\",\"potentialAction\":[{\"@type\":\"CommentAction\",\"name\":\"Comment\",\"target\":[\"https:\/\/drozdowisko.pl\/index.php\/2025\/07\/27\/171-piotr-gorecki-pies-w-pradze-a-takze-david-cerny-i-krotka-historia-dwoch-praskich-dzielnic\/#respond\"]}]},{\"@type\":\"WebPage\",\"@id\":\"https:\/\/drozdowisko.pl\/index.php\/2025\/07\/27\/171-piotr-gorecki-pies-w-pradze-a-takze-david-cerny-i-krotka-historia-dwoch-praskich-dzielnic\/\",\"url\":\"https:\/\/drozdowisko.pl\/index.php\/2025\/07\/27\/171-piotr-gorecki-pies-w-pradze-a-takze-david-cerny-i-krotka-historia-dwoch-praskich-dzielnic\/\",\"name\":\"#171 - PIOTR G\u00d3RECKI: pies w Pradze, a tak\u017ce David \u010cern\u00fd i kr\u00f3tka historia dw\u00f3ch praskich dzielnic - DROZDOWISKO\",\"isPartOf\":{\"@id\":\"https:\/\/drozdowisko.pl\/#website\"},\"primaryImageOfPage\":{\"@id\":\"https:\/\/drozdowisko.pl\/index.php\/2025\/07\/27\/171-piotr-gorecki-pies-w-pradze-a-takze-david-cerny-i-krotka-historia-dwoch-praskich-dzielnic\/#primaryimage\"},\"image\":{\"@id\":\"https:\/\/drozdowisko.pl\/index.php\/2025\/07\/27\/171-piotr-gorecki-pies-w-pradze-a-takze-david-cerny-i-krotka-historia-dwoch-praskich-dzielnic\/#primaryimage\"},\"thumbnailUrl\":\"https:\/\/drozdowisko.pl\/wp-content\/uploads\/2025\/07\/12857719-1753594988041-fa48435442a6d-scaled.jpg\",\"datePublished\":\"2025-07-27T07:00:00+00:00\",\"dateModified\":\"2025-07-27T07:00:00+00:00\",\"breadcrumb\":{\"@id\":\"https:\/\/drozdowisko.pl\/index.php\/2025\/07\/27\/171-piotr-gorecki-pies-w-pradze-a-takze-david-cerny-i-krotka-historia-dwoch-praskich-dzielnic\/#breadcrumb\"},\"inLanguage\":\"pl-PL\",\"potentialAction\":[{\"@type\":\"ReadAction\",\"target\":[\"https:\/\/drozdowisko.pl\/index.php\/2025\/07\/27\/171-piotr-gorecki-pies-w-pradze-a-takze-david-cerny-i-krotka-historia-dwoch-praskich-dzielnic\/\"]}]},{\"@type\":\"ImageObject\",\"inLanguage\":\"pl-PL\",\"@id\":\"https:\/\/drozdowisko.pl\/index.php\/2025\/07\/27\/171-piotr-gorecki-pies-w-pradze-a-takze-david-cerny-i-krotka-historia-dwoch-praskich-dzielnic\/#primaryimage\",\"url\":\"https:\/\/drozdowisko.pl\/wp-content\/uploads\/2025\/07\/12857719-1753594988041-fa48435442a6d-scaled.jpg\",\"contentUrl\":\"https:\/\/drozdowisko.pl\/wp-content\/uploads\/2025\/07\/12857719-1753594988041-fa48435442a6d-scaled.jpg\",\"width\":2560,\"height\":2560},{\"@type\":\"BreadcrumbList\",\"@id\":\"https:\/\/drozdowisko.pl\/index.php\/2025\/07\/27\/171-piotr-gorecki-pies-w-pradze-a-takze-david-cerny-i-krotka-historia-dwoch-praskich-dzielnic\/#breadcrumb\",\"itemListElement\":[{\"@type\":\"ListItem\",\"position\":1,\"name\":\"Strona g\u0142\u00f3wna\",\"item\":\"https:\/\/drozdowisko.pl\/\"},{\"@type\":\"ListItem\",\"position\":2,\"name\":\"#171 &#8211; PIOTR G\u00d3RECKI: pies w Pradze, a tak\u017ce David \u010cern\u00fd i kr\u00f3tka historia dw\u00f3ch praskich dzielnic\"}]},{\"@type\":\"WebSite\",\"@id\":\"https:\/\/drozdowisko.pl\/#website\",\"url\":\"https:\/\/drozdowisko.pl\/\",\"name\":\"DROZDOWISKO\",\"description\":\"Podcast Teresy Drozdy\",\"publisher\":{\"@id\":\"https:\/\/drozdowisko.pl\/#\/schema\/person\/8950061fba3066540fe403f5a28ca367\"},\"potentialAction\":[{\"@type\":\"SearchAction\",\"target\":{\"@type\":\"EntryPoint\",\"urlTemplate\":\"https:\/\/drozdowisko.pl\/?s={search_term_string}\"},\"query-input\":\"required name=search_term_string\"}],\"inLanguage\":\"pl-PL\"},{\"@type\":[\"Person\",\"Organization\"],\"@id\":\"https:\/\/drozdowisko.pl\/#\/schema\/person\/8950061fba3066540fe403f5a28ca367\",\"name\":\"Teresa Drozda\",\"image\":{\"@type\":\"ImageObject\",\"inLanguage\":\"pl-PL\",\"@id\":\"https:\/\/drozdowisko.pl\/#\/schema\/person\/image\/\",\"url\":\"https:\/\/drozdowisko.pl\/wp-content\/uploads\/2024\/02\/Drozdowisko_2021-02-23_w-kolku-czerwonym-2_600-ppi.png\",\"contentUrl\":\"https:\/\/drozdowisko.pl\/wp-content\/uploads\/2024\/02\/Drozdowisko_2021-02-23_w-kolku-czerwonym-2_600-ppi.png\",\"width\":4259,\"height\":4259,\"caption\":\"Teresa Drozda\"},\"logo\":{\"@id\":\"https:\/\/drozdowisko.pl\/#\/schema\/person\/image\/\"}},{\"@type\":\"Person\",\"@id\":\"https:\/\/drozdowisko.pl\/#\/schema\/person\/071315c1231bb9fcf6550e2f0e0afb12\",\"name\":\"Admin\",\"image\":{\"@type\":\"ImageObject\",\"inLanguage\":\"pl-PL\",\"@id\":\"https:\/\/drozdowisko.pl\/#\/schema\/person\/image\/\",\"url\":\"https:\/\/secure.gravatar.com\/avatar\/5f44c3d753523076df829afa320d9800677705f13124758b6960aafcf90ad287?s=96&d=mm&r=g\",\"contentUrl\":\"https:\/\/secure.gravatar.com\/avatar\/5f44c3d753523076df829afa320d9800677705f13124758b6960aafcf90ad287?s=96&d=mm&r=g\",\"caption\":\"Admin\"},\"sameAs\":[\"http:\/\/drozdowisko.pl\"],\"url\":\"https:\/\/drozdowisko.pl\/index.php\/author\/admin\/\"}]}<\/script>\n<!-- \/ Yoast SEO plugin. -->","yoast_head_json":{"title":"#171 - PIOTR G\u00d3RECKI: pies w Pradze, a tak\u017ce David \u010cern\u00fd i kr\u00f3tka historia dw\u00f3ch praskich dzielnic - DROZDOWISKO","robots":{"index":"index","follow":"follow","max-snippet":"max-snippet:-1","max-image-preview":"max-image-preview:large","max-video-preview":"max-video-preview:-1"},"canonical":"https:\/\/drozdowisko.pl\/index.php\/2025\/07\/27\/171-piotr-gorecki-pies-w-pradze-a-takze-david-cerny-i-krotka-historia-dwoch-praskich-dzielnic\/","og_locale":"pl_PL","og_type":"article","og_title":"#171 - PIOTR G\u00d3RECKI: pies w Pradze, a tak\u017ce David \u010cern\u00fd i kr\u00f3tka historia dw\u00f3ch praskich dzielnic - DROZDOWISKO","og_description":"Napisz do mnie: drozdowisko@gmail.com Zosta\u0144 Patronem (z logowaniem): https:\/\/patronite.pl\/TeresaDrozda Postaw mi kaw\u0119 (bez logowania): https:\/\/buycoffee.to\/drozdowisko\/ Postaw mi kaw\u0119 (bez logowania): https:\/\/suppi.pl\/drozdowisko Odwied\u017a mnie:\u00a0 facebook.com\/drozdowisko\u00a0 facebook.com\/czeskikousek\u00a0 facebook.com\/strefapiosenki\u00a0 YT\/DROZDOWISKO instagram.com\/drozdowisko radiodanielka.pl\/drozdowisko drozdowisko.pl G\u0142osowanie na Mistrza Mowy Polskiej (do 20 wrze\u015bnia 2025 codziennie): https:\/\/www.mistrzmowy.pl\/2025\/07\/08\/glosowanie-vox-populi-2025\/ Mo\u017cna te\u017c wysy\u0142a\u0107 kartki pocztowe (jedna kartka to trzy internetowe g\u0142osy) na adres: Sekretariat [&hellip;]","og_url":"https:\/\/drozdowisko.pl\/index.php\/2025\/07\/27\/171-piotr-gorecki-pies-w-pradze-a-takze-david-cerny-i-krotka-historia-dwoch-praskich-dzielnic\/","og_site_name":"DROZDOWISKO","article_published_time":"2025-07-27T07:00:00+00:00","author":"Admin","twitter_card":"summary_large_image","twitter_misc":{"Napisane przez":"Admin","Szacowany czas czytania":"2 minuty"},"schema":{"@context":"https:\/\/schema.org","@graph":[{"@type":"Article","@id":"https:\/\/drozdowisko.pl\/index.php\/2025\/07\/27\/171-piotr-gorecki-pies-w-pradze-a-takze-david-cerny-i-krotka-historia-dwoch-praskich-dzielnic\/#article","isPartOf":{"@id":"https:\/\/drozdowisko.pl\/index.php\/2025\/07\/27\/171-piotr-gorecki-pies-w-pradze-a-takze-david-cerny-i-krotka-historia-dwoch-praskich-dzielnic\/"},"author":{"name":"Admin","@id":"https:\/\/drozdowisko.pl\/#\/schema\/person\/071315c1231bb9fcf6550e2f0e0afb12"},"headline":"#171 &#8211; PIOTR G\u00d3RECKI: pies w Pradze, a tak\u017ce David \u010cern\u00fd i kr\u00f3tka historia dw\u00f3ch praskich dzielnic","datePublished":"2025-07-27T07:00:00+00:00","dateModified":"2025-07-27T07:00:00+00:00","mainEntityOfPage":{"@id":"https:\/\/drozdowisko.pl\/index.php\/2025\/07\/27\/171-piotr-gorecki-pies-w-pradze-a-takze-david-cerny-i-krotka-historia-dwoch-praskich-dzielnic\/"},"wordCount":327,"commentCount":0,"publisher":{"@id":"https:\/\/drozdowisko.pl\/#\/schema\/person\/8950061fba3066540fe403f5a28ca367"},"image":{"@id":"https:\/\/drozdowisko.pl\/index.php\/2025\/07\/27\/171-piotr-gorecki-pies-w-pradze-a-takze-david-cerny-i-krotka-historia-dwoch-praskich-dzielnic\/#primaryimage"},"thumbnailUrl":"https:\/\/drozdowisko.pl\/wp-content\/uploads\/2025\/07\/12857719-1753594988041-fa48435442a6d-scaled.jpg","articleSection":["Uncategorized"],"inLanguage":"pl-PL","potentialAction":[{"@type":"CommentAction","name":"Comment","target":["https:\/\/drozdowisko.pl\/index.php\/2025\/07\/27\/171-piotr-gorecki-pies-w-pradze-a-takze-david-cerny-i-krotka-historia-dwoch-praskich-dzielnic\/#respond"]}]},{"@type":"WebPage","@id":"https:\/\/drozdowisko.pl\/index.php\/2025\/07\/27\/171-piotr-gorecki-pies-w-pradze-a-takze-david-cerny-i-krotka-historia-dwoch-praskich-dzielnic\/","url":"https:\/\/drozdowisko.pl\/index.php\/2025\/07\/27\/171-piotr-gorecki-pies-w-pradze-a-takze-david-cerny-i-krotka-historia-dwoch-praskich-dzielnic\/","name":"#171 - PIOTR G\u00d3RECKI: pies w Pradze, a tak\u017ce David \u010cern\u00fd i kr\u00f3tka historia dw\u00f3ch praskich dzielnic - DROZDOWISKO","isPartOf":{"@id":"https:\/\/drozdowisko.pl\/#website"},"primaryImageOfPage":{"@id":"https:\/\/drozdowisko.pl\/index.php\/2025\/07\/27\/171-piotr-gorecki-pies-w-pradze-a-takze-david-cerny-i-krotka-historia-dwoch-praskich-dzielnic\/#primaryimage"},"image":{"@id":"https:\/\/drozdowisko.pl\/index.php\/2025\/07\/27\/171-piotr-gorecki-pies-w-pradze-a-takze-david-cerny-i-krotka-historia-dwoch-praskich-dzielnic\/#primaryimage"},"thumbnailUrl":"https:\/\/drozdowisko.pl\/wp-content\/uploads\/2025\/07\/12857719-1753594988041-fa48435442a6d-scaled.jpg","datePublished":"2025-07-27T07:00:00+00:00","dateModified":"2025-07-27T07:00:00+00:00","breadcrumb":{"@id":"https:\/\/drozdowisko.pl\/index.php\/2025\/07\/27\/171-piotr-gorecki-pies-w-pradze-a-takze-david-cerny-i-krotka-historia-dwoch-praskich-dzielnic\/#breadcrumb"},"inLanguage":"pl-PL","potentialAction":[{"@type":"ReadAction","target":["https:\/\/drozdowisko.pl\/index.php\/2025\/07\/27\/171-piotr-gorecki-pies-w-pradze-a-takze-david-cerny-i-krotka-historia-dwoch-praskich-dzielnic\/"]}]},{"@type":"ImageObject","inLanguage":"pl-PL","@id":"https:\/\/drozdowisko.pl\/index.php\/2025\/07\/27\/171-piotr-gorecki-pies-w-pradze-a-takze-david-cerny-i-krotka-historia-dwoch-praskich-dzielnic\/#primaryimage","url":"https:\/\/drozdowisko.pl\/wp-content\/uploads\/2025\/07\/12857719-1753594988041-fa48435442a6d-scaled.jpg","contentUrl":"https:\/\/drozdowisko.pl\/wp-content\/uploads\/2025\/07\/12857719-1753594988041-fa48435442a6d-scaled.jpg","width":2560,"height":2560},{"@type":"BreadcrumbList","@id":"https:\/\/drozdowisko.pl\/index.php\/2025\/07\/27\/171-piotr-gorecki-pies-w-pradze-a-takze-david-cerny-i-krotka-historia-dwoch-praskich-dzielnic\/#breadcrumb","itemListElement":[{"@type":"ListItem","position":1,"name":"Strona g\u0142\u00f3wna","item":"https:\/\/drozdowisko.pl\/"},{"@type":"ListItem","position":2,"name":"#171 &#8211; PIOTR G\u00d3RECKI: pies w Pradze, a tak\u017ce David \u010cern\u00fd i kr\u00f3tka historia dw\u00f3ch praskich dzielnic"}]},{"@type":"WebSite","@id":"https:\/\/drozdowisko.pl\/#website","url":"https:\/\/drozdowisko.pl\/","name":"DROZDOWISKO","description":"Podcast Teresy Drozdy","publisher":{"@id":"https:\/\/drozdowisko.pl\/#\/schema\/person\/8950061fba3066540fe403f5a28ca367"},"potentialAction":[{"@type":"SearchAction","target":{"@type":"EntryPoint","urlTemplate":"https:\/\/drozdowisko.pl\/?s={search_term_string}"},"query-input":"required name=search_term_string"}],"inLanguage":"pl-PL"},{"@type":["Person","Organization"],"@id":"https:\/\/drozdowisko.pl\/#\/schema\/person\/8950061fba3066540fe403f5a28ca367","name":"Teresa Drozda","image":{"@type":"ImageObject","inLanguage":"pl-PL","@id":"https:\/\/drozdowisko.pl\/#\/schema\/person\/image\/","url":"https:\/\/drozdowisko.pl\/wp-content\/uploads\/2024\/02\/Drozdowisko_2021-02-23_w-kolku-czerwonym-2_600-ppi.png","contentUrl":"https:\/\/drozdowisko.pl\/wp-content\/uploads\/2024\/02\/Drozdowisko_2021-02-23_w-kolku-czerwonym-2_600-ppi.png","width":4259,"height":4259,"caption":"Teresa Drozda"},"logo":{"@id":"https:\/\/drozdowisko.pl\/#\/schema\/person\/image\/"}},{"@type":"Person","@id":"https:\/\/drozdowisko.pl\/#\/schema\/person\/071315c1231bb9fcf6550e2f0e0afb12","name":"Admin","image":{"@type":"ImageObject","inLanguage":"pl-PL","@id":"https:\/\/drozdowisko.pl\/#\/schema\/person\/image\/","url":"https:\/\/secure.gravatar.com\/avatar\/5f44c3d753523076df829afa320d9800677705f13124758b6960aafcf90ad287?s=96&d=mm&r=g","contentUrl":"https:\/\/secure.gravatar.com\/avatar\/5f44c3d753523076df829afa320d9800677705f13124758b6960aafcf90ad287?s=96&d=mm&r=g","caption":"Admin"},"sameAs":["http:\/\/drozdowisko.pl"],"url":"https:\/\/drozdowisko.pl\/index.php\/author\/admin\/"}]}},"_links":{"self":[{"href":"https:\/\/drozdowisko.pl\/index.php\/wp-json\/wp\/v2\/posts\/3378","targetHints":{"allow":["GET"]}}],"collection":[{"href":"https:\/\/drozdowisko.pl\/index.php\/wp-json\/wp\/v2\/posts"}],"about":[{"href":"https:\/\/drozdowisko.pl\/index.php\/wp-json\/wp\/v2\/types\/post"}],"author":[{"embeddable":true,"href":"https:\/\/drozdowisko.pl\/index.php\/wp-json\/wp\/v2\/users\/1"}],"replies":[{"embeddable":true,"href":"https:\/\/drozdowisko.pl\/index.php\/wp-json\/wp\/v2\/comments?post=3378"}],"version-history":[{"count":0,"href":"https:\/\/drozdowisko.pl\/index.php\/wp-json\/wp\/v2\/posts\/3378\/revisions"}],"wp:featuredmedia":[{"embeddable":true,"href":"https:\/\/drozdowisko.pl\/index.php\/wp-json\/wp\/v2\/media\/3379"}],"wp:attachment":[{"href":"https:\/\/drozdowisko.pl\/index.php\/wp-json\/wp\/v2\/media?parent=3378"}],"wp:term":[{"taxonomy":"category","embeddable":true,"href":"https:\/\/drozdowisko.pl\/index.php\/wp-json\/wp\/v2\/categories?post=3378"},{"taxonomy":"post_tag","embeddable":true,"href":"https:\/\/drozdowisko.pl\/index.php\/wp-json\/wp\/v2\/tags?post=3378"}],"curies":[{"name":"wp","href":"https:\/\/api.w.org\/{rel}","templated":true}]}}