{"id":3384,"date":"2025-08-21T20:00:26","date_gmt":"2025-08-21T20:00:26","guid":{"rendered":"https:\/\/drozdowisko.pl\/index.php\/2025\/08\/21\/174-maciej-swierczynski-chopin-kubizm-mickiewicz-czyli-polskie-tropy-w-pradze-oraz-dygresje\/"},"modified":"2025-11-04T16:25:16","modified_gmt":"2025-11-04T16:25:16","slug":"174-maciej-swierczynski-chopin-kubizm-mickiewicz-czyli-polskie-tropy-w-pradze-oraz-dygresje","status":"publish","type":"post","link":"https:\/\/drozdowisko.pl\/index.php\/2025\/08\/21\/174-maciej-swierczynski-chopin-kubizm-mickiewicz-czyli-polskie-tropy-w-pradze-oraz-dygresje\/","title":{"rendered":"#174 &#8211; MACIEJ \u015aWIERCZY\u0143SKI: Chopin, kubizm, Mickiewicz, czyli polskie tropy w Pradze oraz dygresje"},"content":{"rendered":"<p><iframe loading=\"lazy\" style=\"width: 100%; height: 180px;\" src=\"https:\/\/podcasters.spotify.com\/pod\/show\/teresa-drozda\/embed\/episodes\/174---MACIEJ-WIERCZYSKI-Chopin--kubizm--Mickiewicz--czyli-polskie-tropy-w-Pradze-oraz-dygresje-e375bd0\" width=\"100%\" height=\"180px\" frameborder=\"0\" scrolling=\"no\"><\/iframe><\/p>\n<p>Napisz do mnie: <a href=\"mailto:drozdowisko@gmail.com\">drozdowisko@gmail.com<\/a><\/p>\n<p>Postaw mi kaw\u0119 (bez logowania): <a href=\"https:\/\/buycoffee.to\/drozdowisko\/\">https:\/\/buycoffee.to\/drozdowisko\/<\/a><\/p>\n<p>Postaw mi kaw\u0119 (bez logowania): <a href=\"https:\/\/suppi.pl\/drozdowisko\" target=\"_blank\" rel=\"noopener noreferer\">https:\/\/suppi.pl\/drozdowisko<\/a><\/p>\n<p>Odwied\u017a mnie:<\/p>\n<p><a href=\"https:\/\/www.facebook.com\/drozdowisko\">facebook.com\/drozdowisko<\/a><\/p>\n<p><a href=\"https:\/\/www.facebook.com\/czeskikousek\">facebook.com\/czeskikousek<\/a><\/p>\n<p><a href=\"https:\/\/www.facebook.com\/strefapiosenki\">facebook.com\/strefapiosenki<\/a><\/p>\n<p><a href=\"https:\/\/www.youtube.com\/c\/DROZDOWISKOTeresaDrozda\">YT\/DROZDOWISKO<\/a><\/p>\n<p><a href=\"https:\/\/www.instagram.com\/drozdowisko\/\">instagram.com\/drozdowisko<\/a><\/p>\n<p><a href=\"https:\/\/radiodanielka.pl\/drozdowisko\/\">radiodanielka.pl\/drozdowisko<\/a><\/p>\n<p><a href=\"https:\/\/drozdowisko.pl\/\">drozdowisko.pl<\/a><\/p>\n<p><strong>174. <\/strong>Drozdowisko to kolejny spacer po Pradze z <strong>Ma\u0107kiem \u015awierczy\u0144skim<\/strong> \u2013 autorem \u201ePolskiej Pragi\u201d. Zaczynamy na N\u00e1m\u011bst\u00ed Republiky, a ko\u0144czymy pod kubistczn\u0105 latarni\u0105. Po drodze mijamy tablic\u0119 upami\u0119tniaj\u0105c\u0105 Chopina, wspominamy wizyt\u0119 Mickiewicza w Pradze, zagl\u0105damy do miejsc zwi\u0105zanych z <strong>Univerzitou Karlovou<\/strong> i <strong>Stavovsk\u00fdm divadlem<\/strong>. S\u0105 te\u017c historie o czeskim lwie z dwoma ogonami, o \u201e<strong>Zakl\u0119tych rewirach<\/strong>\u201d kr\u0119conych w praskiej secesji i o tym, dlaczego lepiej kupi\u0107 <strong>kol\u00e1\u010d<\/strong> ni\u017c <strong>trdeln\u00edk<\/strong>.<\/p>\n<p>To odcinek o polskich \u015bladach w czeskiej stolicy, ale te\u017c o tym, jak patrze\u0107 na Prag\u0119 inaczej.<\/p>\n<p>Zawarto\u015b\u0107 odcinka:<\/p>\n<p>(00:00) Intro<\/p>\n<p>(00:21) Wst\u0119p<\/p>\n<p>(01:57) Wst\u0119p do spaceru<\/p>\n<p>(03:34) Chopin w Pradze i innych miejscach i dygresje<\/p>\n<p>(11:14) Obecn\u00ed d\u016fm [Miejski Dom Reprezentacyjny w Pradze] i dygresje<\/p>\n<p>(16:43) Pra\u0161n\u00e1 br\u00e1na [Brama Prochowa] i dygresje<\/p>\n<p>(22:56) Praskie \u015bniadanie Chopina (1829) i dygresje<\/p>\n<p>(25:30) D\u016fm U \u010cern\u00e9 Matky Bo\u017e\u00ed [Dom Pod Czarn\u0105 Matk\u0105 Bo\u017c\u0105] i dygresje<\/p>\n<p>(30:30) Ovocn\u00fd trh [Targ owocowy] i Kr\u00f3lowa Jadwiga oraz dygresje<\/p>\n<p>(36:54) Univerzita Karlova [Uniwersytet Karola w Pradze] i w\u0105tki polskie<\/p>\n<p>(41:11) Univerzita Karlova [Uniwersytet Karola w Pradze] i jego architektura oraz dygresje<\/p>\n<p>(44:30) Mickiewicz w Pradze i dygresje<\/p>\n<p>(51:21) Dygresje na temat oprowadzania po Pradze (czeski kryszta\u0142)<\/p>\n<p>(57:30) Mebel miejski, czyli kubistczna latarnia<\/p>\n<p>(01:00:54) Jedno muzealne polecenie i troch\u0119 \u017cycia<\/p>\n<p>(01:03:48) Dzi\u0119kuj\u0119, do us\u0142yszenia!<\/p>\n<p>Z Maciejem \u015awierczy\u0144skim po Pradze. Vol. 1<\/p>\n<p><a href=\"https:\/\/youtu.be\/ghsPMewgVQ0?si=9CaR-eLgElxq4wFO\" rel=\"nofollow\">https:\/\/youtu.be\/ghsPMewgVQ0?si=9CaR-eLgElxq4wFO<\/a><\/p>\n<p>Z Maciejem \u015awierczy\u0144skim po Pradze. Vol. 2<\/p>\n<p><a href=\"https:\/\/youtu.be\/ySMqrVOwxjk?si=ELaSpOF4Jg8FNA9F\" rel=\"nofollow\">https:\/\/youtu.be\/ySMqrVOwxjk?si=ELaSpOF4Jg8FNA9F<\/a><\/p>\n<p>Z Maciejem \u015awierczy\u0144skim po Pradze. Vol. 3<\/p>\n<p><a href=\"https:\/\/youtu.be\/aFahp358nAw?si=FturpAOg6t-foIcG\" rel=\"nofollow\">https:\/\/youtu.be\/aFahp358nAw?si=FturpAOg6t-foIcG<\/a><\/p>\n<p>Z Mariuszem Suroszem po Pradze:<\/p>\n<p><a href=\"https:\/\/youtu.be\/G085OxSpAwk?si=OzNZ8covxhyLX0kZ\" rel=\"nofollow\">https:\/\/youtu.be\/G085OxSpAwk?si=OzNZ8covxhyLX0kZ<\/a><\/p>\n","protected":false},"excerpt":{"rendered":"<p>Napisz do mnie: drozdowisko@gmail.com Postaw mi kaw\u0119 (bez logowania): https:\/\/buycoffee.to\/drozdowisko\/ Postaw mi kaw\u0119 (bez logowania): https:\/\/suppi.pl\/drozdowisko Odwied\u017a mnie: facebook.com\/drozdowisko facebook.com\/czeskikousek facebook.com\/strefapiosenki YT\/DROZDOWISKO instagram.com\/drozdowisko radiodanielka.pl\/drozdowisko drozdowisko.pl 174. Drozdowisko to kolejny spacer po Pradze z Ma\u0107kiem \u015awierczy\u0144skim \u2013 autorem \u201ePolskiej Pragi\u201d. Zaczynamy na N\u00e1m\u011bst\u00ed Republiky, a ko\u0144czymy pod kubistczn\u0105 latarni\u0105. Po drodze mijamy tablic\u0119 upami\u0119tniaj\u0105c\u0105 Chopina, wspominamy [&hellip;]<\/p>\n","protected":false},"author":1,"featured_media":3385,"comment_status":"open","ping_status":"open","sticky":false,"template":"","format":"standard","meta":{"footnotes":""},"categories":[119,118],"tags":[107,108,112,58,110,117],"class_list":["post-3384","post","type-post","status-publish","format-standard","has-post-thumbnail","hentry","category-czeskie","category-podcast","tag-czechy","tag-czeskikousek","tag-drozdowisko","tag-podcast","tag-praga","tag-teresadrozda"],"yoast_head":"<!-- This site is optimized with the Yoast SEO plugin v23.2 - https:\/\/yoast.com\/wordpress\/plugins\/seo\/ -->\n<title>#174 - MACIEJ \u015aWIERCZY\u0143SKI: Chopin, kubizm, Mickiewicz, czyli polskie tropy w Pradze oraz dygresje - DROZDOWISKO<\/title>\n<meta name=\"robots\" content=\"index, follow, max-snippet:-1, max-image-preview:large, max-video-preview:-1\" \/>\n<link rel=\"canonical\" href=\"https:\/\/drozdowisko.pl\/index.php\/2025\/08\/21\/174-maciej-swierczynski-chopin-kubizm-mickiewicz-czyli-polskie-tropy-w-pradze-oraz-dygresje\/\" \/>\n<meta property=\"og:locale\" content=\"pl_PL\" \/>\n<meta property=\"og:type\" content=\"article\" \/>\n<meta property=\"og:title\" content=\"#174 - MACIEJ \u015aWIERCZY\u0143SKI: Chopin, kubizm, Mickiewicz, czyli polskie tropy w Pradze oraz dygresje - DROZDOWISKO\" \/>\n<meta property=\"og:description\" content=\"Napisz do mnie: drozdowisko@gmail.com Postaw mi kaw\u0119 (bez logowania): https:\/\/buycoffee.to\/drozdowisko\/ Postaw mi kaw\u0119 (bez logowania): https:\/\/suppi.pl\/drozdowisko Odwied\u017a mnie: facebook.com\/drozdowisko facebook.com\/czeskikousek facebook.com\/strefapiosenki YT\/DROZDOWISKO instagram.com\/drozdowisko radiodanielka.pl\/drozdowisko drozdowisko.pl 174. Drozdowisko to kolejny spacer po Pradze z Ma\u0107kiem \u015awierczy\u0144skim \u2013 autorem \u201ePolskiej Pragi\u201d. Zaczynamy na N\u00e1m\u011bst\u00ed Republiky, a ko\u0144czymy pod kubistczn\u0105 latarni\u0105. Po drodze mijamy tablic\u0119 upami\u0119tniaj\u0105c\u0105 Chopina, wspominamy [&hellip;]\" \/>\n<meta property=\"og:url\" content=\"https:\/\/drozdowisko.pl\/index.php\/2025\/08\/21\/174-maciej-swierczynski-chopin-kubizm-mickiewicz-czyli-polskie-tropy-w-pradze-oraz-dygresje\/\" \/>\n<meta property=\"og:site_name\" content=\"DROZDOWISKO\" \/>\n<meta property=\"article:published_time\" content=\"2025-08-21T20:00:26+00:00\" \/>\n<meta property=\"article:modified_time\" content=\"2025-11-04T16:25:16+00:00\" \/>\n<meta property=\"og:image\" content=\"https:\/\/drozdowisko.pl\/wp-content\/uploads\/2025\/08\/12857719-1755806116560-8c54f517e549c-scaled.jpg\" \/>\n\t<meta property=\"og:image:width\" content=\"2560\" \/>\n\t<meta property=\"og:image:height\" content=\"2560\" \/>\n\t<meta property=\"og:image:type\" content=\"image\/jpeg\" \/>\n<meta name=\"author\" content=\"Admin\" \/>\n<meta name=\"twitter:card\" content=\"summary_large_image\" \/>\n<meta name=\"twitter:label1\" content=\"Napisane przez\" \/>\n\t<meta name=\"twitter:data1\" content=\"Admin\" \/>\n\t<meta name=\"twitter:label2\" content=\"Szacowany czas czytania\" \/>\n\t<meta name=\"twitter:data2\" content=\"2 minuty\" \/>\n<script type=\"application\/ld+json\" class=\"yoast-schema-graph\">{\"@context\":\"https:\/\/schema.org\",\"@graph\":[{\"@type\":\"Article\",\"@id\":\"https:\/\/drozdowisko.pl\/index.php\/2025\/08\/21\/174-maciej-swierczynski-chopin-kubizm-mickiewicz-czyli-polskie-tropy-w-pradze-oraz-dygresje\/#article\",\"isPartOf\":{\"@id\":\"https:\/\/drozdowisko.pl\/index.php\/2025\/08\/21\/174-maciej-swierczynski-chopin-kubizm-mickiewicz-czyli-polskie-tropy-w-pradze-oraz-dygresje\/\"},\"author\":{\"name\":\"Admin\",\"@id\":\"https:\/\/drozdowisko.pl\/#\/schema\/person\/071315c1231bb9fcf6550e2f0e0afb12\"},\"headline\":\"#174 &#8211; MACIEJ \u015aWIERCZY\u0143SKI: Chopin, kubizm, Mickiewicz, czyli polskie tropy w Pradze oraz dygresje\",\"datePublished\":\"2025-08-21T20:00:26+00:00\",\"dateModified\":\"2025-11-04T16:25:16+00:00\",\"mainEntityOfPage\":{\"@id\":\"https:\/\/drozdowisko.pl\/index.php\/2025\/08\/21\/174-maciej-swierczynski-chopin-kubizm-mickiewicz-czyli-polskie-tropy-w-pradze-oraz-dygresje\/\"},\"wordCount\":328,\"commentCount\":1,\"publisher\":{\"@id\":\"https:\/\/drozdowisko.pl\/#\/schema\/person\/8950061fba3066540fe403f5a28ca367\"},\"image\":{\"@id\":\"https:\/\/drozdowisko.pl\/index.php\/2025\/08\/21\/174-maciej-swierczynski-chopin-kubizm-mickiewicz-czyli-polskie-tropy-w-pradze-oraz-dygresje\/#primaryimage\"},\"thumbnailUrl\":\"https:\/\/drozdowisko.pl\/wp-content\/uploads\/2025\/08\/12857719-1755806116560-8c54f517e549c-scaled.jpg\",\"keywords\":[\"czechy\",\"czeskikousek\",\"drozdowisko\",\"podcast\",\"praga\",\"teresadrozda\"],\"articleSection\":[\"Czeskie\",\"Podcast\"],\"inLanguage\":\"pl-PL\",\"potentialAction\":[{\"@type\":\"CommentAction\",\"name\":\"Comment\",\"target\":[\"https:\/\/drozdowisko.pl\/index.php\/2025\/08\/21\/174-maciej-swierczynski-chopin-kubizm-mickiewicz-czyli-polskie-tropy-w-pradze-oraz-dygresje\/#respond\"]}]},{\"@type\":\"WebPage\",\"@id\":\"https:\/\/drozdowisko.pl\/index.php\/2025\/08\/21\/174-maciej-swierczynski-chopin-kubizm-mickiewicz-czyli-polskie-tropy-w-pradze-oraz-dygresje\/\",\"url\":\"https:\/\/drozdowisko.pl\/index.php\/2025\/08\/21\/174-maciej-swierczynski-chopin-kubizm-mickiewicz-czyli-polskie-tropy-w-pradze-oraz-dygresje\/\",\"name\":\"#174 - MACIEJ \u015aWIERCZY\u0143SKI: Chopin, kubizm, Mickiewicz, czyli polskie tropy w Pradze oraz dygresje - DROZDOWISKO\",\"isPartOf\":{\"@id\":\"https:\/\/drozdowisko.pl\/#website\"},\"primaryImageOfPage\":{\"@id\":\"https:\/\/drozdowisko.pl\/index.php\/2025\/08\/21\/174-maciej-swierczynski-chopin-kubizm-mickiewicz-czyli-polskie-tropy-w-pradze-oraz-dygresje\/#primaryimage\"},\"image\":{\"@id\":\"https:\/\/drozdowisko.pl\/index.php\/2025\/08\/21\/174-maciej-swierczynski-chopin-kubizm-mickiewicz-czyli-polskie-tropy-w-pradze-oraz-dygresje\/#primaryimage\"},\"thumbnailUrl\":\"https:\/\/drozdowisko.pl\/wp-content\/uploads\/2025\/08\/12857719-1755806116560-8c54f517e549c-scaled.jpg\",\"datePublished\":\"2025-08-21T20:00:26+00:00\",\"dateModified\":\"2025-11-04T16:25:16+00:00\",\"breadcrumb\":{\"@id\":\"https:\/\/drozdowisko.pl\/index.php\/2025\/08\/21\/174-maciej-swierczynski-chopin-kubizm-mickiewicz-czyli-polskie-tropy-w-pradze-oraz-dygresje\/#breadcrumb\"},\"inLanguage\":\"pl-PL\",\"potentialAction\":[{\"@type\":\"ReadAction\",\"target\":[\"https:\/\/drozdowisko.pl\/index.php\/2025\/08\/21\/174-maciej-swierczynski-chopin-kubizm-mickiewicz-czyli-polskie-tropy-w-pradze-oraz-dygresje\/\"]}]},{\"@type\":\"ImageObject\",\"inLanguage\":\"pl-PL\",\"@id\":\"https:\/\/drozdowisko.pl\/index.php\/2025\/08\/21\/174-maciej-swierczynski-chopin-kubizm-mickiewicz-czyli-polskie-tropy-w-pradze-oraz-dygresje\/#primaryimage\",\"url\":\"https:\/\/drozdowisko.pl\/wp-content\/uploads\/2025\/08\/12857719-1755806116560-8c54f517e549c-scaled.jpg\",\"contentUrl\":\"https:\/\/drozdowisko.pl\/wp-content\/uploads\/2025\/08\/12857719-1755806116560-8c54f517e549c-scaled.jpg\",\"width\":2560,\"height\":2560},{\"@type\":\"BreadcrumbList\",\"@id\":\"https:\/\/drozdowisko.pl\/index.php\/2025\/08\/21\/174-maciej-swierczynski-chopin-kubizm-mickiewicz-czyli-polskie-tropy-w-pradze-oraz-dygresje\/#breadcrumb\",\"itemListElement\":[{\"@type\":\"ListItem\",\"position\":1,\"name\":\"Strona g\u0142\u00f3wna\",\"item\":\"https:\/\/drozdowisko.pl\/\"},{\"@type\":\"ListItem\",\"position\":2,\"name\":\"#174 &#8211; MACIEJ \u015aWIERCZY\u0143SKI: Chopin, kubizm, Mickiewicz, czyli polskie tropy w Pradze oraz dygresje\"}]},{\"@type\":\"WebSite\",\"@id\":\"https:\/\/drozdowisko.pl\/#website\",\"url\":\"https:\/\/drozdowisko.pl\/\",\"name\":\"DROZDOWISKO\",\"description\":\"Podcast Teresy Drozdy\",\"publisher\":{\"@id\":\"https:\/\/drozdowisko.pl\/#\/schema\/person\/8950061fba3066540fe403f5a28ca367\"},\"potentialAction\":[{\"@type\":\"SearchAction\",\"target\":{\"@type\":\"EntryPoint\",\"urlTemplate\":\"https:\/\/drozdowisko.pl\/?s={search_term_string}\"},\"query-input\":\"required name=search_term_string\"}],\"inLanguage\":\"pl-PL\"},{\"@type\":[\"Person\",\"Organization\"],\"@id\":\"https:\/\/drozdowisko.pl\/#\/schema\/person\/8950061fba3066540fe403f5a28ca367\",\"name\":\"Teresa Drozda\",\"image\":{\"@type\":\"ImageObject\",\"inLanguage\":\"pl-PL\",\"@id\":\"https:\/\/drozdowisko.pl\/#\/schema\/person\/image\/\",\"url\":\"https:\/\/drozdowisko.pl\/wp-content\/uploads\/2024\/02\/Drozdowisko_2021-02-23_w-kolku-czerwonym-2_600-ppi.png\",\"contentUrl\":\"https:\/\/drozdowisko.pl\/wp-content\/uploads\/2024\/02\/Drozdowisko_2021-02-23_w-kolku-czerwonym-2_600-ppi.png\",\"width\":4259,\"height\":4259,\"caption\":\"Teresa Drozda\"},\"logo\":{\"@id\":\"https:\/\/drozdowisko.pl\/#\/schema\/person\/image\/\"}},{\"@type\":\"Person\",\"@id\":\"https:\/\/drozdowisko.pl\/#\/schema\/person\/071315c1231bb9fcf6550e2f0e0afb12\",\"name\":\"Admin\",\"image\":{\"@type\":\"ImageObject\",\"inLanguage\":\"pl-PL\",\"@id\":\"https:\/\/drozdowisko.pl\/#\/schema\/person\/image\/\",\"url\":\"https:\/\/secure.gravatar.com\/avatar\/5f44c3d753523076df829afa320d9800677705f13124758b6960aafcf90ad287?s=96&d=mm&r=g\",\"contentUrl\":\"https:\/\/secure.gravatar.com\/avatar\/5f44c3d753523076df829afa320d9800677705f13124758b6960aafcf90ad287?s=96&d=mm&r=g\",\"caption\":\"Admin\"},\"sameAs\":[\"http:\/\/drozdowisko.pl\"],\"url\":\"https:\/\/drozdowisko.pl\/index.php\/author\/admin\/\"}]}<\/script>\n<!-- \/ Yoast SEO plugin. -->","yoast_head_json":{"title":"#174 - MACIEJ \u015aWIERCZY\u0143SKI: Chopin, kubizm, Mickiewicz, czyli polskie tropy w Pradze oraz dygresje - DROZDOWISKO","robots":{"index":"index","follow":"follow","max-snippet":"max-snippet:-1","max-image-preview":"max-image-preview:large","max-video-preview":"max-video-preview:-1"},"canonical":"https:\/\/drozdowisko.pl\/index.php\/2025\/08\/21\/174-maciej-swierczynski-chopin-kubizm-mickiewicz-czyli-polskie-tropy-w-pradze-oraz-dygresje\/","og_locale":"pl_PL","og_type":"article","og_title":"#174 - MACIEJ \u015aWIERCZY\u0143SKI: Chopin, kubizm, Mickiewicz, czyli polskie tropy w Pradze oraz dygresje - DROZDOWISKO","og_description":"Napisz do mnie: drozdowisko@gmail.com Postaw mi kaw\u0119 (bez logowania): https:\/\/buycoffee.to\/drozdowisko\/ Postaw mi kaw\u0119 (bez logowania): https:\/\/suppi.pl\/drozdowisko Odwied\u017a mnie: facebook.com\/drozdowisko facebook.com\/czeskikousek facebook.com\/strefapiosenki YT\/DROZDOWISKO instagram.com\/drozdowisko radiodanielka.pl\/drozdowisko drozdowisko.pl 174. Drozdowisko to kolejny spacer po Pradze z Ma\u0107kiem \u015awierczy\u0144skim \u2013 autorem \u201ePolskiej Pragi\u201d. Zaczynamy na N\u00e1m\u011bst\u00ed Republiky, a ko\u0144czymy pod kubistczn\u0105 latarni\u0105. Po drodze mijamy tablic\u0119 upami\u0119tniaj\u0105c\u0105 Chopina, wspominamy [&hellip;]","og_url":"https:\/\/drozdowisko.pl\/index.php\/2025\/08\/21\/174-maciej-swierczynski-chopin-kubizm-mickiewicz-czyli-polskie-tropy-w-pradze-oraz-dygresje\/","og_site_name":"DROZDOWISKO","article_published_time":"2025-08-21T20:00:26+00:00","article_modified_time":"2025-11-04T16:25:16+00:00","og_image":[{"width":2560,"height":2560,"url":"https:\/\/drozdowisko.pl\/wp-content\/uploads\/2025\/08\/12857719-1755806116560-8c54f517e549c-scaled.jpg","type":"image\/jpeg"}],"author":"Admin","twitter_card":"summary_large_image","twitter_misc":{"Napisane przez":"Admin","Szacowany czas czytania":"2 minuty"},"schema":{"@context":"https:\/\/schema.org","@graph":[{"@type":"Article","@id":"https:\/\/drozdowisko.pl\/index.php\/2025\/08\/21\/174-maciej-swierczynski-chopin-kubizm-mickiewicz-czyli-polskie-tropy-w-pradze-oraz-dygresje\/#article","isPartOf":{"@id":"https:\/\/drozdowisko.pl\/index.php\/2025\/08\/21\/174-maciej-swierczynski-chopin-kubizm-mickiewicz-czyli-polskie-tropy-w-pradze-oraz-dygresje\/"},"author":{"name":"Admin","@id":"https:\/\/drozdowisko.pl\/#\/schema\/person\/071315c1231bb9fcf6550e2f0e0afb12"},"headline":"#174 &#8211; MACIEJ \u015aWIERCZY\u0143SKI: Chopin, kubizm, Mickiewicz, czyli polskie tropy w Pradze oraz dygresje","datePublished":"2025-08-21T20:00:26+00:00","dateModified":"2025-11-04T16:25:16+00:00","mainEntityOfPage":{"@id":"https:\/\/drozdowisko.pl\/index.php\/2025\/08\/21\/174-maciej-swierczynski-chopin-kubizm-mickiewicz-czyli-polskie-tropy-w-pradze-oraz-dygresje\/"},"wordCount":328,"commentCount":1,"publisher":{"@id":"https:\/\/drozdowisko.pl\/#\/schema\/person\/8950061fba3066540fe403f5a28ca367"},"image":{"@id":"https:\/\/drozdowisko.pl\/index.php\/2025\/08\/21\/174-maciej-swierczynski-chopin-kubizm-mickiewicz-czyli-polskie-tropy-w-pradze-oraz-dygresje\/#primaryimage"},"thumbnailUrl":"https:\/\/drozdowisko.pl\/wp-content\/uploads\/2025\/08\/12857719-1755806116560-8c54f517e549c-scaled.jpg","keywords":["czechy","czeskikousek","drozdowisko","podcast","praga","teresadrozda"],"articleSection":["Czeskie","Podcast"],"inLanguage":"pl-PL","potentialAction":[{"@type":"CommentAction","name":"Comment","target":["https:\/\/drozdowisko.pl\/index.php\/2025\/08\/21\/174-maciej-swierczynski-chopin-kubizm-mickiewicz-czyli-polskie-tropy-w-pradze-oraz-dygresje\/#respond"]}]},{"@type":"WebPage","@id":"https:\/\/drozdowisko.pl\/index.php\/2025\/08\/21\/174-maciej-swierczynski-chopin-kubizm-mickiewicz-czyli-polskie-tropy-w-pradze-oraz-dygresje\/","url":"https:\/\/drozdowisko.pl\/index.php\/2025\/08\/21\/174-maciej-swierczynski-chopin-kubizm-mickiewicz-czyli-polskie-tropy-w-pradze-oraz-dygresje\/","name":"#174 - MACIEJ \u015aWIERCZY\u0143SKI: Chopin, kubizm, Mickiewicz, czyli polskie tropy w Pradze oraz dygresje - DROZDOWISKO","isPartOf":{"@id":"https:\/\/drozdowisko.pl\/#website"},"primaryImageOfPage":{"@id":"https:\/\/drozdowisko.pl\/index.php\/2025\/08\/21\/174-maciej-swierczynski-chopin-kubizm-mickiewicz-czyli-polskie-tropy-w-pradze-oraz-dygresje\/#primaryimage"},"image":{"@id":"https:\/\/drozdowisko.pl\/index.php\/2025\/08\/21\/174-maciej-swierczynski-chopin-kubizm-mickiewicz-czyli-polskie-tropy-w-pradze-oraz-dygresje\/#primaryimage"},"thumbnailUrl":"https:\/\/drozdowisko.pl\/wp-content\/uploads\/2025\/08\/12857719-1755806116560-8c54f517e549c-scaled.jpg","datePublished":"2025-08-21T20:00:26+00:00","dateModified":"2025-11-04T16:25:16+00:00","breadcrumb":{"@id":"https:\/\/drozdowisko.pl\/index.php\/2025\/08\/21\/174-maciej-swierczynski-chopin-kubizm-mickiewicz-czyli-polskie-tropy-w-pradze-oraz-dygresje\/#breadcrumb"},"inLanguage":"pl-PL","potentialAction":[{"@type":"ReadAction","target":["https:\/\/drozdowisko.pl\/index.php\/2025\/08\/21\/174-maciej-swierczynski-chopin-kubizm-mickiewicz-czyli-polskie-tropy-w-pradze-oraz-dygresje\/"]}]},{"@type":"ImageObject","inLanguage":"pl-PL","@id":"https:\/\/drozdowisko.pl\/index.php\/2025\/08\/21\/174-maciej-swierczynski-chopin-kubizm-mickiewicz-czyli-polskie-tropy-w-pradze-oraz-dygresje\/#primaryimage","url":"https:\/\/drozdowisko.pl\/wp-content\/uploads\/2025\/08\/12857719-1755806116560-8c54f517e549c-scaled.jpg","contentUrl":"https:\/\/drozdowisko.pl\/wp-content\/uploads\/2025\/08\/12857719-1755806116560-8c54f517e549c-scaled.jpg","width":2560,"height":2560},{"@type":"BreadcrumbList","@id":"https:\/\/drozdowisko.pl\/index.php\/2025\/08\/21\/174-maciej-swierczynski-chopin-kubizm-mickiewicz-czyli-polskie-tropy-w-pradze-oraz-dygresje\/#breadcrumb","itemListElement":[{"@type":"ListItem","position":1,"name":"Strona g\u0142\u00f3wna","item":"https:\/\/drozdowisko.pl\/"},{"@type":"ListItem","position":2,"name":"#174 &#8211; MACIEJ \u015aWIERCZY\u0143SKI: Chopin, kubizm, Mickiewicz, czyli polskie tropy w Pradze oraz dygresje"}]},{"@type":"WebSite","@id":"https:\/\/drozdowisko.pl\/#website","url":"https:\/\/drozdowisko.pl\/","name":"DROZDOWISKO","description":"Podcast Teresy Drozdy","publisher":{"@id":"https:\/\/drozdowisko.pl\/#\/schema\/person\/8950061fba3066540fe403f5a28ca367"},"potentialAction":[{"@type":"SearchAction","target":{"@type":"EntryPoint","urlTemplate":"https:\/\/drozdowisko.pl\/?s={search_term_string}"},"query-input":"required name=search_term_string"}],"inLanguage":"pl-PL"},{"@type":["Person","Organization"],"@id":"https:\/\/drozdowisko.pl\/#\/schema\/person\/8950061fba3066540fe403f5a28ca367","name":"Teresa Drozda","image":{"@type":"ImageObject","inLanguage":"pl-PL","@id":"https:\/\/drozdowisko.pl\/#\/schema\/person\/image\/","url":"https:\/\/drozdowisko.pl\/wp-content\/uploads\/2024\/02\/Drozdowisko_2021-02-23_w-kolku-czerwonym-2_600-ppi.png","contentUrl":"https:\/\/drozdowisko.pl\/wp-content\/uploads\/2024\/02\/Drozdowisko_2021-02-23_w-kolku-czerwonym-2_600-ppi.png","width":4259,"height":4259,"caption":"Teresa Drozda"},"logo":{"@id":"https:\/\/drozdowisko.pl\/#\/schema\/person\/image\/"}},{"@type":"Person","@id":"https:\/\/drozdowisko.pl\/#\/schema\/person\/071315c1231bb9fcf6550e2f0e0afb12","name":"Admin","image":{"@type":"ImageObject","inLanguage":"pl-PL","@id":"https:\/\/drozdowisko.pl\/#\/schema\/person\/image\/","url":"https:\/\/secure.gravatar.com\/avatar\/5f44c3d753523076df829afa320d9800677705f13124758b6960aafcf90ad287?s=96&d=mm&r=g","contentUrl":"https:\/\/secure.gravatar.com\/avatar\/5f44c3d753523076df829afa320d9800677705f13124758b6960aafcf90ad287?s=96&d=mm&r=g","caption":"Admin"},"sameAs":["http:\/\/drozdowisko.pl"],"url":"https:\/\/drozdowisko.pl\/index.php\/author\/admin\/"}]}},"_links":{"self":[{"href":"https:\/\/drozdowisko.pl\/index.php\/wp-json\/wp\/v2\/posts\/3384","targetHints":{"allow":["GET"]}}],"collection":[{"href":"https:\/\/drozdowisko.pl\/index.php\/wp-json\/wp\/v2\/posts"}],"about":[{"href":"https:\/\/drozdowisko.pl\/index.php\/wp-json\/wp\/v2\/types\/post"}],"author":[{"embeddable":true,"href":"https:\/\/drozdowisko.pl\/index.php\/wp-json\/wp\/v2\/users\/1"}],"replies":[{"embeddable":true,"href":"https:\/\/drozdowisko.pl\/index.php\/wp-json\/wp\/v2\/comments?post=3384"}],"version-history":[{"count":1,"href":"https:\/\/drozdowisko.pl\/index.php\/wp-json\/wp\/v2\/posts\/3384\/revisions"}],"predecessor-version":[{"id":3417,"href":"https:\/\/drozdowisko.pl\/index.php\/wp-json\/wp\/v2\/posts\/3384\/revisions\/3417"}],"wp:featuredmedia":[{"embeddable":true,"href":"https:\/\/drozdowisko.pl\/index.php\/wp-json\/wp\/v2\/media\/3385"}],"wp:attachment":[{"href":"https:\/\/drozdowisko.pl\/index.php\/wp-json\/wp\/v2\/media?parent=3384"}],"wp:term":[{"taxonomy":"category","embeddable":true,"href":"https:\/\/drozdowisko.pl\/index.php\/wp-json\/wp\/v2\/categories?post=3384"},{"taxonomy":"post_tag","embeddable":true,"href":"https:\/\/drozdowisko.pl\/index.php\/wp-json\/wp\/v2\/tags?post=3384"}],"curies":[{"name":"wp","href":"https:\/\/api.w.org\/{rel}","templated":true}]}}